{"id":9124,"date":"2017-10-03T13:37:45","date_gmt":"2017-10-03T11:37:45","guid":{"rendered":"http:\/\/www.gowork.pl\/blog\/?p=9124"},"modified":"2024-04-23T14:46:07","modified_gmt":"2024-04-23T12:46:07","slug":"nowy-wiek-emerytalny-juz-obowiazuje-infografika","status":"publish","type":"post","link":"https:\/\/www.gowork.pl\/blog\/nowy-wiek-emerytalny-juz-obowiazuje-infografika\/","title":{"rendered":"Nowy wiek emerytalny ju\u017c obowi\u0105zuje (INFOGRAFIKA)"},"content":{"rendered":"<p style=\"text-align: left;\"><strong><span style=\"color: #000000;\">Od pocz\u0105tku pa\u017adziernika obowi\u0105zuje zmieniony wiek emerytalny. Polacy nie musz\u0105 jednak ko\u0144czy\u0107 swojej aktywno\u015bci zawodowej wraz z jego osi\u0105gni\u0119ciem. Mimo i\u017c emerytury Polak\u00f3w, kt\u00f3rzy zdecyduj\u0105 si\u0119 na dalsz\u0105 prac\u0119 b\u0119d\u0105 zdecydowanie wy\u017csze, to ju\u017c we wrze\u015bniu ZUS prze\u017cywa\u0142 istne obl\u0119\u017cenie.<\/span><\/strong><\/p>\n<p style=\"text-align: left;\"><!--more--><\/p>\n<h2 style=\"text-align: left;\"><span style=\"color: #000000;\">250 tys.\u00a0emeryt\u00f3w w miesi\u0105c<\/span><\/h2>\n<p style=\"text-align: left;\"><span style=\"color: #000000;\">Od niedzieli 1 pa\u017adziernika obowi\u0105zuje obni\u017cony wiek emerytalny. Kobiety maj\u0105 prawo do rozpocz\u0119cia pobierania \u015bwiadczenia w wieku 60 lat, a m\u0119\u017cczy\u017ani gdy uko\u0144cz\u0105 65 rok \u017cycia.<\/span>\u00a0<span style=\"color: #000000;\">Tym samym rz\u0105d Prawa i Sprawiedliwo\u015bci przywr\u00f3ci\u0142 mo\u017cliwo\u015b\u0107 zako\u0144czenia aktywno\u015bci zawodowej\u00a0<\/span><span style=\"color: #000000;\">w wieku sprzed reformy z 2012 roku, gdy wiek emerytalny zacz\u0105\u0142 by\u0107 stopniowo podnoszony do 67 lat dla obu p\u0142ci. <\/span><\/p>\n<p style=\"text-align: left;\"><span style=\"color: #000000;\">Wnioski o przej\u015bcie na emerytur\u0119 w oparciu o nowe zasady mo\u017cna by\u0142o sk\u0142ada\u0107 od 1 wrze\u015bnia. Przez ten miesi\u0105c z takiej mo\u017cliwo\u015bci skorzysta\u0142o 275,7 tys. os\u00f3b, spo\u015br\u00f3d kt\u00f3rych niemal 196,7 tys. (czyli ok. 82 proc.) to osoby, kt\u00f3re naby\u0142y uprawnienia dzi\u0119ki wprowadzonej reformie. Jak podkre\u015bla minister rodziny i <a href=\"https:\/\/www.gowork.pl\/\">pracy<\/a> El\u017cbieta Rafalska z tej liczby ok.\u00a025\u00a0proc. powinna w dalszym ci\u0105gu pozosta\u0107 aktywna zawodowo.\u00a0Warto wspomnie\u0107, \u017ce nowe przepisy nie obliguj\u0105 do przej\u015bcia na emerytur\u0119 wraz z osi\u0105gni\u0119ciem odpowiedniego wieku, lecz daj\u0105 do tego prawo. Ostateczna decyzja zawsze pozostaje po stronie seniora, kt\u00f3ry mo\u017ce pozosta\u0107 aktywny zawodowo.\u00a0<\/span><\/p>\n<h2 style=\"text-align: left;\"><span style=\"color: #000000;\">Bud\u017cet pa\u0144stwa szczuplejszy o 54 mld z\u0142<\/span><\/h2>\n<p style=\"text-align: left;\"><span style=\"color: #000000;\"><a href=\"https:\/\/www.gowork.pl\/opinie_czytaj,942699\">ZUS<\/a> nie b\u0119dzie zatem sam z siebie przyznawa\u0107 emerytury wszystkim osobom, kt\u00f3re uzyskaj\u0105 do tego prawo, lecz na wniosek zainteresowanych. A\u00a0tych jak wida\u0107 nie brakowa\u0142o, zw\u0142aszcza na pocz\u0105tku miesi\u0105ca, o czym wspomina\u0142 rzecznik <span style=\"color: #3366ff;\"><a style=\"color: #3366ff;\" href=\"https:\/\/www.gowork.pl\/blog\/pracownicy-zus-zadaja-podwyzek\/\">ZUS<\/a><\/span>, Wojciech Andrusiewicz:\u00a0<em>w\u00a0pierwszych dniach wrze\u015bnia mieli\u015bmy prawie dwudziestokrotnie wi\u0119cej wniosk\u00f3w ni\u017c normalnie.\u00a0<\/em>Nowe regulacje\u00a0zmniejszaj\u0105\u00a0r\u00f3wnie\u017c okres sk\u0142adkowy i niesk\u0142adkowy, kt\u00f3ry od 1 pa\u017adziernika wynosi 20 lat dla kobiet oraz 25 lat w przypadku m\u0119\u017cczyzn. <\/span><\/p>\n<p style=\"text-align: left;\"><span style=\"color: #000000;\">Spe\u0142nienie tych wymog\u00f3w sprawia, \u017ce senior uzyskuje gwarancje, i\u017c jego \u015bwiadczenie nie b\u0119dzie mniejsze ni\u017c 1000 z\u0142.\u00a0<\/span><span style=\"color: #000000;\">Zgodnie z informacjami podanymi przez prezes ZUS prof. Gertrud\u0119 U\u015bci\u0144sk\u0105, reforma emerytalna ma uszczupli\u0107 w latach 2017-2021 bud\u017cet pa\u0144stwo o 54 mld z\u0142. Jednocze\u015bnie zwr\u00f3ci\u0142a ona uwag\u0119, \u017ce:\u00a0<em>koszty, kt\u00f3re s\u0105 przewidziane na wyp\u0142aty w tym roku to ok. 805 mln z\u0142. W przysz\u0142ym roku i w kolejnych b\u0119d\u0105 one zdecydowanie wy\u017csze.\u00a0<\/em><\/span><span style=\"color: #000000;\">Tak wygl\u0105da sytuacja z punktu widzenia pa\u0144stwowego skarbca. Jednak dla os\u00f3b przechodz\u0105cych na emerytur\u0119 najwa\u017cniejszym czynnikiem jest wysoko\u015b\u0107 \u015bwiadczenia, kt\u00f3re b\u0119d\u0105 otrzymywa\u0107. Jednym z g\u0142\u00f3wnych aspekt\u00f3w wp\u0142ywaj\u0105cych na jego wielko\u015b\u0107 jest wiek, w kt\u00f3rym zdecyduj\u0105 si\u0119 zej\u015b\u0107 ze \u015bcie\u017cki zawodowej oraz generowane do tego czasu zarobki, od kt\u00f3rych odprowadzana by\u0142a sk\u0142adka emerytalna.<\/span><\/p>\n<h2 style=\"text-align: left;\"><span style=\"color: #000000;\">Ile b\u0119d\u0105 wynosi\u0107 emerytury?<\/span><\/h2>\n<p style=\"text-align: left;\"><span style=\"color: #000000;\">Zgodnie z danymi GUS\u00a0na koniec 2016 roku liczba os\u00f3b, kt\u00f3re osi\u0105gn\u0119\u0142y obecnie obowi\u0105zuj\u0105cy wiek emerytalny wynosi\u0142a prawie 7,8 mln os\u00f3b &#8211; to a\u017c 1\/5 spo\u0142ecze\u0144stwa. Jeszcze na pocz\u0105tku dekady ta warto\u015b\u0107 by\u0142a du\u017co ni\u017csza i oscylowa\u0142a w granicach 17 proc. Je\u015bli dodamy to tego fakt, i\u017c na przestrzeni kilku lat \u015brednia emerytura wzros\u0142a 1755 z\u0142 brutto do 2204,96 z\u0142 brutto, to uzyskamy odpowied\u017a, dlaczego tak cz\u0119sto mo\u017cemy us\u0142ysze\u0107 z ust polityk\u00f3w zach\u0119ty do\u00a0pozostania aktywnym zawodowo.<\/span><\/p>\n<p style=\"text-align: left;\"><span style=\"color: #000000;\">Taka decyzja mo\u017ce okaza\u0107 si\u0119 korzystna &#8211; przynajmniej je\u015bli chodzi o aspekt finansowy &#8211; dla samych senior\u00f3w. Wbrew pozorom wcze\u015bniejsze przej\u015bcie na emerytur\u0119 nie jest r\u00f3wnoznaczne z tym, i\u017c do ko\u0144ca \u017cycia otrzyma on wi\u0119cej \u015brodk\u00f3w ni\u017c jego r\u00f3wie\u015bnik, kt\u00f3ry zdecydowa\u0142 si\u0119 pracowa\u0107 jeszcze przez jaki\u015b czas. Kobieta, kt\u00f3ra opu\u015bci rynek pracy niezw\u0142ocznie po osi\u0105gni\u0119ciu upowa\u017cniaj\u0105cego j\u0105 do tego wieku i otrzymuj\u0105ca minimaln\u0105 emerytur\u0119, czyli 1000 z\u0142, powinna do ko\u0144ca \u017cycia (zak\u0142adaj\u0105c, \u017ce potrwa ono do 83 roku) dosta\u0107 276\u00a0tys. z\u0142. <\/span><\/p>\n<p style=\"text-align: left;\"><span style=\"color: #000000;\">Je\u015bli jednak zdecydowa\u0142aby si\u0119 pracowa\u0107 o 3 lata d\u0142u\u017cej, to \u015bwiadczenie wzros\u0142oby do\u00a01227 z\u0142, czyli o ok. 25 proc.!\u00a0Przy zachowaniu za\u0142o\u017cenia, \u017ce zako\u0144czy \u017cywot w wieku 83 lat, na emeryturze przebywa\u0142aby przez 217 miesi\u0119cy. Tym samym ZUS wyp\u0142aci\u0142by jej\u00a0prawie 295 tys. z\u0142. Jeszcze wi\u0119ksza kwota wynosz\u0105ca 314 650 z\u0142\u00a0<\/span><span style=\"color: #000000;\">zasili\u0142aby konto seniorki ko\u0144cz\u0105cej aktywno\u015b\u0107 zawodow\u0105 wraz z osi\u0105gni\u0119ciem 65 roku \u017cycia. W jej sytuacji\u00a0\u015bwiadczenie\u00a0wynosi\u0142oby 1450 z\u0142, wobec czego do ko\u0144ca \u017cycia otrzyma\u0142aby 314 650 z\u0142.\u00a0<\/span><span style=\"color: #000000;\">Jak wida\u0107 d\u0142u\u017csza praca przek\u0142ada si\u0119 nie tylko na wysoko\u015b\u0107 miesi\u0119cznej emerytury, ale r\u00f3wnie\u017c na jej wielko\u015b\u0107 w perspektywie ca\u0142ego \u017cycia.<\/span><\/p>\n<h2>Praca dla emeryta &#8211; na jakich stanowiskach?<\/h2>\n<p>Emeryci od dawna nie s\u0105 ju\u017c grup\u0105 marginalizowan\u0105 na polskim rynku pracy. Przeciwnie, jak si\u0119 okazuje, s\u0105 oni po\u017c\u0105dani przez wielu pracodawc\u00f3w, kt\u00f3rzy oferuj\u0105 im przede wszystkim prac\u0119 na cz\u0119\u015b\u0107 etatu, ale nierzadko r\u00f3wnie\u017c sta\u0142e zatrudnienie na podstawie umowy o prac\u0119.<\/p>\n<p>Nie da si\u0119 jednak ukry\u0107, \u017ce mo\u017cliwo\u015bci zawodowe emeryt\u00f3w s\u0105 nieco okrojone. Co do zasady najcz\u0119\u015bciej pracuj\u0105 oni w prostych zawodach, takich, jak na przyk\u0142ad ochroniarz czy str\u00f3\u017c nocny. Nic jednak nie stoi na przeszkodzie, by kontynuowali karier\u0119 w specjalizacjach wcze\u015bniej wykonywanych, o ile pozwala im na to zdrowie.<\/p>\n<p><em>\u0179r\u00f3d\u0142o zdj\u0119cia: https:\/\/pl.123rf.com\/photo_103607518_kochaj%C4%85ce-relacje-mi%C5%82y-starszy-m%C4%99%C5%BCczyzna-patrz%C4%85cy-na-%C5%BCon%C4%99-i-czuj%C4%85cy-jej-wsparcie.html<\/em><\/p>\n<!-- AddThis Advanced Settings generic via filter on the_content --><!-- AddThis Share Buttons generic via filter on the_content -->","protected":false},"excerpt":{"rendered":"<p>Od pocz\u0105tku pa\u017adziernika obowi\u0105zuje zmieniony wiek emerytalny. Polacy nie musz\u0105 jednak ko\u0144czy\u0107 swojej aktywno\u015bci zawodowej wraz z jego osi\u0105gni\u0119ciem. Mimo i\u017c emerytury Polak\u00f3w, kt\u00f3rzy zdecyduj\u0105 si\u0119 na dalsz\u0105 prac\u0119 b\u0119d\u0105 zdecydowanie wy\u017csze, to ju\u017c we wrze\u015bniu ZUS prze\u017cywa\u0142 istne obl\u0119\u017cenie.<!-- AddThis Advanced Settings generic via filter on get_the_excerpt --><!-- AddThis Share Buttons generic via filter on get_the_excerpt --><\/p>\n","protected":false},"author":1,"featured_media":47439,"comment_status":"open","ping_status":"closed","sticky":false,"template":"","format":"standard","meta":[],"categories":[1],"tags":[],"aioseo_notices":[],"_links":{"self":[{"href":"https:\/\/www.gowork.pl\/blog\/wp-json\/wp\/v2\/posts\/9124"}],"collection":[{"href":"https:\/\/www.gowork.pl\/blog\/wp-json\/wp\/v2\/posts"}],"about":[{"href":"https:\/\/www.gowork.pl\/blog\/wp-json\/wp\/v2\/types\/post"}],"author":[{"embeddable":true,"href":"https:\/\/www.gowork.pl\/blog\/wp-json\/wp\/v2\/users\/1"}],"replies":[{"embeddable":true,"href":"https:\/\/www.gowork.pl\/blog\/wp-json\/wp\/v2\/comments?post=9124"}],"version-history":[{"count":54,"href":"https:\/\/www.gowork.pl\/blog\/wp-json\/wp\/v2\/posts\/9124\/revisions"}],"predecessor-version":[{"id":47482,"href":"https:\/\/www.gowork.pl\/blog\/wp-json\/wp\/v2\/posts\/9124\/revisions\/47482"}],"wp:featuredmedia":[{"embeddable":true,"href":"https:\/\/www.gowork.pl\/blog\/wp-json\/wp\/v2\/media\/47439"}],"wp:attachment":[{"href":"https:\/\/www.gowork.pl\/blog\/wp-json\/wp\/v2\/media?parent=9124"}],"wp:term":[{"taxonomy":"category","embeddable":true,"href":"https:\/\/www.gowork.pl\/blog\/wp-json\/wp\/v2\/categories?post=9124"},{"taxonomy":"post_tag","embeddable":true,"href":"https:\/\/www.gowork.pl\/blog\/wp-json\/wp\/v2\/tags?post=9124"}],"curies":[{"name":"wp","href":"https:\/\/api.w.org\/{rel}","templated":true}]}}