{"id":7087,"date":"2017-06-02T11:00:59","date_gmt":"2017-06-02T09:00:59","guid":{"rendered":"http:\/\/www.gowork.pl\/blog\/?p=7087"},"modified":"2024-04-16T12:26:50","modified_gmt":"2024-04-16T10:26:50","slug":"najwieksze-problemy-radomskiego-rynku-pracy","status":"publish","type":"post","link":"https:\/\/www.gowork.pl\/blog\/najwieksze-problemy-radomskiego-rynku-pracy\/","title":{"rendered":"Najwi\u0119ksze problemy radomskiego rynku pracy"},"content":{"rendered":"<p style=\"text-align: justify;\"><span style=\"color: #000000;\"><strong>Ogromne zmiany na radomskim rynku pracy spowodowane popraw\u0105 koniunktury i stworzeniem klimatu przyjaznego przedsi\u0119biorcom zaowocowa\u0142y znacz\u0105cym spadkiem bezrobocia \u2013 z 29 proc. w 2003 r. do 16 proc. w listopadzie 2016 r. Tak du\u017cy skok to niew\u0105tpliwie ogromny sukces, niemniej nie jest on niestety r\u00f3wnoznaczny z wyeliminowaniem paru powa\u017cnych problem\u00f3w. Szczeg\u00f3\u0142y w artykule.<\/strong><!--more--><\/span><\/p>\n<h2 style=\"text-align: justify;\"><span style=\"color: #000000;\">Kandydaci bez odpowiednich kwalifikacji<\/span><\/h2>\n<p style=\"text-align: justify;\"><span style=\"color: #000000;\">W grudniu 2016 r. w Powiatowym Urz\u0119dzie Pracy zarejestrowanych by\u0142o 26 627 os\u00f3b, z czego 14 708 przypad\u0142o na miasto Radom. Spora cz\u0119\u015b\u0107 spo\u015br\u00f3d nich nie posiada kwalifikacji niezb\u0119dnych do podj\u0119cia zatrudnienia \u2013 w mie\u015bcie jest ich ok. 4 000, za\u015b powiecie ponad 4 500. Pracodawcy wystawiaj\u0105cy <a href=\"https:\/\/www.gowork.pl\/praca\/radom;l\">oferty pracy w Radomiu<\/a> narzekaj\u0105, i\u017c bardzo cz\u0119sto umiej\u0119tno\u015bci posiadane przez kandydat\u00f3w s\u0105 zdecydowanie za ma\u0142e. Tymczasem w najbardziej poszukiwanych profesjach takich jak m.in. dekarz, blacharz, kucharz, in\u017cynier mechanik, spawacz, technik elektryk i w wielu innych kwalifikacje na odpowiednio wysokim poziomie odgrywaj\u0105 niebagateln\u0105 rol\u0119.<\/span><\/p>\n<p style=\"text-align: justify;\"><span style=\"color: #000000;\">Powiatowy Urz\u0105d Pracy w Radomiu organizuje r\u00f3\u017cnego rodzaju formy aktywizacji zawodowej, mi\u0119dzy innymi darmowe kursy, np. na operatora koparko-\u0142adowarki z nap\u0119dem silnikowym czy kierowc\u0119 w\u00f3zka jezdniowego z nap\u0119dem silnikowym, ale zainteresowanie nimi nie jest tak du\u017ce, jak by oczekiwano.<\/span><\/p>\n<h2 style=\"text-align: justify;\"><span style=\"color: #000000;\">D\u0142ugotrwa\u0142e bezrobocie<\/span><\/h2>\n<p style=\"text-align: justify;\"><span style=\"color: #000000;\">Tu pojawia si\u0119 nast\u0119pny problem, a mianowicie d\u0142ugotrwa\u0142e bezrobocie \u2013 zjawisko wyst\u0119puj\u0105ce we wszystkich regionach kraju. Najbardziej charakterystyczn\u0105 jego cech\u0105 jest pozostawanie bez zatrudnienia przez minimum 12 miesi\u0119cy. Radomski urz\u0105d pracy odnotowa\u0142, i\u017c na koniec czerwca 2016 r. liczba zarejestrowanych os\u00f3b d\u0142ugotrwale bezrobotnych wynios\u0142a 10 384. Pomimo tego, i\u017c pojawiaj\u0105 si\u0119 rozmaite oferty pracy w Radomiu, wi\u0119kszo\u015b\u0107 przedstawicieli omawianej grupy nie kwapi si\u0119 do szukania posady.<\/span><\/p>\n<p style=\"text-align: justify;\"><span style=\"color: #000000;\">Taki stan rzeczy wynika z kilku powod\u00f3w, mi\u0119dzy innymi:<\/span><\/p>\n<ul style=\"text-align: justify;\">\n<li><span style=\"color: #000000;\">zbyt niskich p\u0142ac proponowanych przez pracodawc\u00f3w,<\/span><\/li>\n<li><span style=\"color: #000000;\">wyg\u00f3rowanych wymaga\u0144 stawianych kandydatom,<\/span><\/li>\n<li><span style=\"color: #000000;\">pobierania \u015bwiadcze\u0144 z programu Rodzina 500 plus,<\/span><\/li>\n<li><span style=\"color: #000000;\">niech\u0119ci do podejmowania pracy b\u0119d\u0105cej zwykle rezultatem dziedziczonego bezrobocia i przekonania, \u017ce bardziej op\u0142aca si\u0119 pobiera\u0107 zasi\u0142ki socjalne, a tak\u017ce innych patologii wyst\u0119puj\u0105cych w rodzinach jak alkoholizm etc.<\/span><\/li>\n<\/ul>\n<h2 style=\"text-align: justify;\"><span style=\"color: #000000;\">Kobiety maj\u0105 pod g\u00f3r\u0119<\/span><\/h2>\n<p style=\"text-align: justify;\"><span style=\"color: #000000;\">Nie spos\u00f3b r\u00f3wnie\u017c pomin\u0105\u0107 tak istotnego zagadnienia jak trudna sytuacja kobiet na rynku pracy w Radomiu. W I po\u0142owie 2016 r. w PUP w Radomiu zarejestrowanych by\u0142o 15 799 bezrobotnych, z czego niemal\u017ce po\u0142ow\u0119 \u2013 bo a\u017c 7 693 \u2013 stanowi\u0142y w\u0142a\u015bnie kobiety. Obowi\u0105zki zwi\u0105zane z rodzicielstwem utrudniaj\u0105 im rozw\u00f3j zawodowy, za\u015b oferty pracy w Radomiu adresowane do nich wi\u0105\u017c\u0105 si\u0119 cz\u0119sto z konieczno\u015bci\u0105 posiadania wy\u017cszych kwalifikacji.<\/span><\/p>\n<p>Poza urz\u0119dem pracy, ofert mo\u017cna szuka\u0107 tak\u017ce w serwisie GoWork,pl, kt\u00f3ry wsp\u00f3\u0142pracuje z wieloma radomskimi pracodawcami.\u00a0Og\u0142oszenia, kt\u00f3re znajduj\u0105 si\u0119 na portalu, mo\u017cesz filtrowa\u0107 pod k\u0105tem interesuj\u0105cych Ci\u0119 kryteri\u00f3w. Do wyboru s\u0105 m.in. rodzaj umowy, tryb pracy i wymiar etatu. Poza tym, na portalu znajdziesz opinie o og\u0142aszajacych si\u0119 pracodawcach. Pisz\u0105 je byli i obecni pracownicy oraz osoby, kt\u00f3re odby\u0142y rozmowy rekrutacyjne. Dzi\u0119ki nim mo\u017cesz dowiedzie\u0107 si\u0119 wi\u0119cej na temat firmy, do kt\u00f3rej zamierzasz aplikowa\u0107. Mo\u017cesz r\u00f3wnie\u017c zapisa\u0107 si\u0119 do newslettera. Gdy pojawi si\u0119 nowa oferta z Twojego regionu dostaniesz powiadomienie drog\u0105 mailow\u0105.<\/p>\n<p>\u0179r\u00f3d\u0142o zdj\u0119cia: https:\/\/pl.123rf.com\/photo_77652452_pracownik-magazynu-ubranie-ubranie-kierowca-reachtruck-zaj%C4%99ty-prac%C4%85-nad-logistyk%C4%85-przenoszenie.html<\/p>\n<!-- AddThis Advanced Settings generic via filter on the_content --><!-- AddThis Share Buttons generic via filter on the_content -->","protected":false},"excerpt":{"rendered":"<p>Ogromne zmiany na radomskim rynku pracy spowodowane popraw\u0105 koniunktury i stworzeniem klimatu przyjaznego przedsi\u0119biorcom zaowocowa\u0142y znacz\u0105cym spadkiem bezrobocia \u2013 z 29 proc. w 2003 r. do 16 proc. w listopadzie 2016 r. Tak du\u017cy skok to niew\u0105tpliwie ogromny sukces, niemniej nie jest on niestety r\u00f3wnoznaczny z wyeliminowaniem paru powa\u017cnych problem\u00f3w. Szczeg\u00f3\u0142y w artykule.<!-- AddThis Advanced Settings generic via filter on get_the_excerpt --><!-- AddThis Share Buttons generic via filter on get_the_excerpt --><\/p>\n","protected":false},"author":1,"featured_media":46587,"comment_status":"open","ping_status":"closed","sticky":false,"template":"","format":"standard","meta":[],"categories":[9],"tags":[2053],"aioseo_notices":[],"_links":{"self":[{"href":"https:\/\/www.gowork.pl\/blog\/wp-json\/wp\/v2\/posts\/7087"}],"collection":[{"href":"https:\/\/www.gowork.pl\/blog\/wp-json\/wp\/v2\/posts"}],"about":[{"href":"https:\/\/www.gowork.pl\/blog\/wp-json\/wp\/v2\/types\/post"}],"author":[{"embeddable":true,"href":"https:\/\/www.gowork.pl\/blog\/wp-json\/wp\/v2\/users\/1"}],"replies":[{"embeddable":true,"href":"https:\/\/www.gowork.pl\/blog\/wp-json\/wp\/v2\/comments?post=7087"}],"version-history":[{"count":5,"href":"https:\/\/www.gowork.pl\/blog\/wp-json\/wp\/v2\/posts\/7087\/revisions"}],"predecessor-version":[{"id":46589,"href":"https:\/\/www.gowork.pl\/blog\/wp-json\/wp\/v2\/posts\/7087\/revisions\/46589"}],"wp:featuredmedia":[{"embeddable":true,"href":"https:\/\/www.gowork.pl\/blog\/wp-json\/wp\/v2\/media\/46587"}],"wp:attachment":[{"href":"https:\/\/www.gowork.pl\/blog\/wp-json\/wp\/v2\/media?parent=7087"}],"wp:term":[{"taxonomy":"category","embeddable":true,"href":"https:\/\/www.gowork.pl\/blog\/wp-json\/wp\/v2\/categories?post=7087"},{"taxonomy":"post_tag","embeddable":true,"href":"https:\/\/www.gowork.pl\/blog\/wp-json\/wp\/v2\/tags?post=7087"}],"curies":[{"name":"wp","href":"https:\/\/api.w.org\/{rel}","templated":true}]}}