{"id":66228,"date":"2026-01-15T14:14:30","date_gmt":"2026-01-15T13:14:30","guid":{"rendered":"https:\/\/www.gowork.pl\/blog\/?p=66228"},"modified":"2026-01-15T14:14:32","modified_gmt":"2026-01-15T13:14:32","slug":"38-czy-umowa-o-dzielo-wlicza-sie-do-emerytury-2","status":"publish","type":"post","link":"https:\/\/www.gowork.pl\/blog\/38-czy-umowa-o-dzielo-wlicza-sie-do-emerytury-2\/","title":{"rendered":"Czy umowa o dzie\u0142o wlicza si\u0119 do emerytury?"},"content":{"rendered":"\n<p>Czy umowa o dzie\u0142o wlicza si\u0119 do emerytury \u2013 to pytanie pojawia si\u0119 szczeg\u00f3lnie cz\u0119sto u os\u00f3b, kt\u00f3re przez wiele lat pracowa\u0142y na kontraktach cywilnoprawnych i dopiero z czasem zacz\u0119\u0142y analizowa\u0107 swoj\u0105 przysz\u0142o\u015b\u0107 finansow\u0105. Niepok\u00f3j jest zrozumia\u0142y, bo cho\u0107 pracy by\u0142o du\u017co, a do\u015bwiadczenie zawodowe systematycznie ros\u0142o, nie zawsze sz\u0142o to w parze z odk\u0142adaniem \u015brodk\u00f3w na przysz\u0142e \u015bwiadczenie. Warto wi\u0119c jasno rozdzieli\u0107 poj\u0119cia sta\u017cu pracy i kapita\u0142u emerytalnego, poniewa\u017c nie s\u0105 one to\u017csame. Poni\u017cej wyja\u015bniam, kiedy umowa o dzie\u0142o nie ma znaczenia przy emeryturze, a kiedy mo\u017ce jednak wp\u0142yn\u0105\u0107 na jej wysoko\u015b\u0107.<\/p>\n\n\n\n<h2>Umowa o dzie\u0142o jako umowa cywilnoprawna \u2013 co to oznacza w praktyce<\/h2>\n\n\n\n<p><a href=\"https:\/\/www.gowork.pl\/poradnik\/zarobki\/umowa-o-dzielo\/\" title=\"\">Umowa o dzie\u0142o<\/a> nale\u017cy do kategorii, jak\u0105 s\u0105 umowy cywilnoprawne, czyli kontrakty regulowane przepisami kodeksu cywilnego. W odr\u00f3\u017cnieniu od zatrudnienia w ramach stosunku pracy nie zapewnia ona automatycznie ochrony pracowniczej, takiej jak prawo do urlopu wypoczynkowego czy inne uprawnienia pracownicze.<\/p>\n\n\n\n<p>W tego rodzaju umowie kluczowe znaczenie ma to, co jest przedmiotem umowy.<strong> Rozliczenie nast\u0119puje za wykonanie okre\u015blonego rezultatu, a nie za sam fakt wykonywania pracy w okre\u015blonym czasie.<\/strong> To zasadnicza r\u00f3\u017cnica, kt\u00f3ra wp\u0142ywa tak\u017ce na kwestie sk\u0142adkowe oraz na spos\u00f3b, w jaki taka wsp\u00f3\u0142praca jest oceniana przy ustalaniu emerytury.<\/p>\n\n\n\n<h2>Czy umowa o dzie\u0142o wlicza si\u0119 do emerytury \u2013 zasada og\u00f3lna<\/h2>\n\n\n\n<p>Odpowied\u017a, cho\u0107 dla wielu os\u00f3b rozczarowuj\u0105ca, jest jednoznaczna. W typowej sytuacji umowa o dzie\u0142o nie powoduje controllers obowi\u0105zku op\u0142acania sk\u0142adek na ubezpieczenia spo\u0142eczne, w tym sk\u0142adki emerytalnej. Oznacza to, \u017ce wynagrodzenie uzyskane na podstawie takiej umowy nie buduje kapita\u0142u zapisywanego na koncie emerytalnym.<\/p>\n\n\n\n<p><strong>System emerytalny opiera si\u0119 na sk\u0142adkach, a nie na samym fakcie wykonywania pracy. <\/strong>Je\u017celi wi\u0119c nie ma obowi\u0105zku sk\u0142adkowego, okres wykonywania dzie\u0142a nie zwi\u0119ksza przysz\u0142ego \u015bwiadczenia. Z tego powodu osoby, kt\u00f3re przez d\u0142ugi czas pracowa\u0142y wy\u0142\u0105cznie na dzie\u0142ach, mog\u0105 zauwa\u017cy\u0107 znaczn\u0105 r\u00f3\u017cnic\u0119 pomi\u0119dzy d\u0142ugo\u015bci\u0105 aktywno\u015bci zawodowej a poziomem zabezpieczenia emerytalnego.<\/p>\n\n\n\n<h2>Sta\u017c pracy a emerytura \u2013 dlaczego to nie to samo<\/h2>\n\n\n\n<p>W dyskusjach cz\u0119sto mylone s\u0105 poj\u0119cia sta\u017cu pracy i <a href=\"https:\/\/www.gowork.pl\/blog\/39-emerytura-w-polsce-ile-lat-pracy-trzeba-miec-aby-ja-dostac\/\" title=\"\">emerytury<\/a>. Sta\u017c pracy odnosi si\u0119 g\u0142\u00f3wnie do uprawnie\u0144 pracowniczych i jest liczony przede wszystkim w ramach etatu. Tymczasem przy emeryturze decyduj\u0105ce znaczenie maj\u0105 okresy, w kt\u00f3rych by\u0142y odprowadzane sk\u0142adki.<\/p>\n\n\n\n<p><strong>Praca na podstawie um\u00f3w cywilnoprawnych, w tym na dziele, nie tworzy sta\u017cu pracowniczego w rozumieniu prawa pracy. <\/strong>Jednocze\u015bnie, przy ustalaniu emerytury, kluczowe jest to, czy dana aktywno\u015b\u0107 zawodowa by\u0142a obj\u0119ta sk\u0142adkami. To w\u0142a\u015bnie dlatego samo wykonywanie zada\u0144, nawet przez wiele lat, nie zawsze przek\u0142ada si\u0119 na przysz\u0142e \u015bwiadczenie.<\/p>\n\n\n\n<h2>Wyj\u0105tki, w kt\u00f3rych umowa o dzie\u0142o mo\u017ce mie\u0107 znaczenie dla emerytury<\/h2>\n\n\n\n<p>Cho\u0107 zasada og\u00f3lna jest jasna, istniej\u0105 sytuacje szczeg\u00f3lne. Najwa\u017cniejszy wyj\u0105tek dotyczy przypadku, gdy umowa o dzie\u0142o jest zawierana z w\u0142asnym pracodawc\u0105 lub wykonywana na jego rzecz. W takich okoliczno\u015bciach przych\u00f3d z dzie\u0142a mo\u017ce zosta\u0107 potraktowany jak przych\u00f3d ze stosunku pracy, a to oznacza obowi\u0105zek naliczenia sk\u0142adek.<\/p>\n\n\n\n<p>Znaczenie ma tak\u017ce konfiguracja tytu\u0142\u00f3w ubezpieczeniowych. <strong>Je\u017celi dzie\u0142o jest wykonywane r\u00f3wnolegle z inn\u0105 form\u0105 zatrudnienia, ka\u017cdorazowo nale\u017cy oceni\u0107, czy w danym przypadku umowy pojawia si\u0119 obowi\u0105zek sk\u0142adkowy.<\/strong> Bez analizy relacji pomi\u0119dzy stronami nie da si\u0119 jednoznacznie przes\u0105dzi\u0107 skutk\u00f3w.<\/p>\n\n\n\n<h2>Umowy zlecenia a umowa o dzie\u0142o \u2013 kluczowe r\u00f3\u017cnice dla emerytury<\/h2>\n\n\n\n<p>Cho\u0107 zar\u00f3wno umowy zlecenia, jak i dzie\u0142o nale\u017c\u0105 do um\u00f3w cywilnoprawnych, ich skutki dla emerytury s\u0105 zazwyczaj odmienne. W przypadku zlecenia cz\u0119sto istnieje obowi\u0105zek odprowadzania sk\u0142adek, co oznacza, \u017ce praca na podstawie umowy zlecenia mo\u017ce zwi\u0119ksza\u0107 kapita\u0142 emerytalny.<\/p>\n\n\n\n<p>W praktyce oznacza to, \u017ce zlecenie cz\u0119\u015bciej ni\u017c dzie\u0142o wp\u0142ywa na przysz\u0142e \u015bwiadczenia. Nie oznacza to jednak automatycznie budowania sta\u017cu pracowniczego, poniewa\u017c nadal nie jest to zatrudnienie etatowe. R\u00f3\u017cnica polega przede wszystkim na tym, czy z danego tytu\u0142u umowy powstaje obowi\u0105zek <a href=\"https:\/\/www.gowork.pl\/blog\/35-skladki-na-ubezpieczenie-spoleczne-co-trzeba-wiedziec\/\" title=\"\">sk\u0142adkowy<\/a>.<\/p>\n\n\n\n<h2>Sk\u0142adki ZUS przy umowie o dzie\u0142o \u2013 co trzeba wiedzie\u0107<\/h2>\n\n\n\n<p>W standardowym wariancie przy umowie o dzie\u0142o nie wyst\u0119puj\u0105 sk\u0142adki ZUS na ubezpieczenia spo\u0142eczne. <strong>Najcz\u0119\u015bciej rozliczany jest jedynie podatek dochodowy, co sprawia, \u017ce wynagrodzenie netto bywa wy\u017csze ni\u017c przy innych formach wsp\u00f3\u0142pracy.<\/strong> Jest to jednak korzy\u015b\u0107 kr\u00f3tkoterminowa.<\/p>\n\n\n\n<p>Je\u017celi umowa o dzie\u0142o jest powi\u0105zana z innym tytu\u0142em, na przyk\u0142ad etatem u tego samego podmiotu, sytuacja mo\u017ce wygl\u0105da\u0107 inaczej. Dlatego zawsze warto sprawdzi\u0107, czy w danym uk\u0142adzie nie pojawia si\u0119 obowi\u0105zek odprowadzania sk\u0142adek emerytalnych.<\/p>\n\n\n\n<h2>Ubezpieczenie zdrowotne przy umowie o dzie\u0142o<\/h2>\n\n\n\n<p>Osobn\u0105 kwesti\u0105 jest ubezpieczenie zdrowotne. Umowa o dzie\u0142o sama w sobie nie musi zapewnia\u0107 dost\u0119pu do \u015bwiadcze\u0144 zdrowotnych. Je\u017celi nie posiadasz innego tytu\u0142u do ubezpieczenia, mo\u017cesz zosta\u0107 pozbawiony ochrony.<\/p>\n\n\n\n<p>W takiej sytuacji konieczne bywa op\u0142acanie ubezpieczenia zdrowotnego z innego \u017ar\u00f3d\u0142a, na przyk\u0142ad poprzez status cz\u0142onka rodziny, zatrudnienie na zleceniu albo prowadzenie dzia\u0142alno\u015bci gospodarczej. <strong>To element, kt\u00f3ry cz\u0119sto bywa pomijany przy por\u00f3wnywaniu form wsp\u00f3\u0142pracy, a ma ogromne znaczenie praktyczne.<\/strong><\/p>\n\n\n\n<h2>Okresy zatrudnienia, dzia\u0142alno\u015b\u0107 gospodarcza i praca za granic\u0105<\/h2>\n\n\n\n<p>Przy ustalaniu prawa do emerytury uwzgl\u0119dniane s\u0105 r\u00f3\u017cne okresy zatrudnienia, ale tylko wtedy, gdy by\u0142y one obj\u0119te systemem ubezpiecze\u0144. Dotyczy to tak\u017ce okres\u00f3w <a href=\"https:\/\/www.gowork.pl\/poradnik\/25\/zostan-pracodawca\/kto-nadaje-sie-do-prowadzenia-dzialalnosci-gospodarczej\/\" title=\"\">prowadzenia dzia\u0142alno\u015bci gospodarczej<\/a>, pod warunkiem \u017ce by\u0142y op\u0142acane sk\u0142adki spo\u0142eczne.<\/p>\n\n\n\n<p>Szczeg\u00f3lnym przypadkiem jest praca dla pracodawcy zagranicznego. <strong>W takiej sytuacji znaczenie ma kraj podlegania ubezpieczeniom oraz obowi\u0105zuj\u0105ce umowy mi\u0119dzynarodowe.<\/strong> Aby taki okres zosta\u0142 uwzgl\u0119dniony, musi by\u0107 poprawnie udokumentowany i rozliczony w odpowiednim systemie.<\/p>\n\n\n\n<h2>Co zrobi\u0107, je\u015bli wi\u0119kszo\u015b\u0107 kariery opiera\u0142a si\u0119 na umowie o dzie\u0142o<\/h2>\n\n\n\n<p>Je\u017celi przez lata pracowa\u0142e\u015b g\u0142\u00f3wnie na dzie\u0142ach, nie oznacza to automatycznie braku perspektyw. Oznacza to jednak konieczno\u015b\u0107 bardziej \u015bwiadomego planowania.<\/p>\n\n\n\n<p>Warto:<\/p>\n\n\n\n<ul><li>sprawdzi\u0107 swoje konto w ZUS i zweryfikowa\u0107, jakie sk\u0142adki zosta\u0142y zapisane,<\/li><li>rozwa\u017cy\u0107 dodatkowy tytu\u0142 ubezpieczeniowy, je\u017celi nadal pracujesz na podstawie umowy o dzie\u0142o,<\/li><li>gromadzi\u0107 dokumenty potwierdzaj\u0105ce okresy wykonywania pracy,<\/li><li>por\u00f3wnywa\u0107 formy wsp\u00f3\u0142pracy nie tylko pod k\u0105tem wynagrodzenia netto, ale tak\u017ce wp\u0142ywu na przysz\u0142e \u015bwiadczenia.<\/li><\/ul>\n\n\n\n<h2>Podsumowanie \u2013 najwa\u017cniejsza odpowied\u017a w skr\u00f3cie<\/h2>\n\n\n\n<p>Czy umowa o dzie\u0142o wlicza si\u0119 do emerytury? W typowym przypadku nie, poniewa\u017c umowa o dzie\u0142o nie powoduje powstania obowi\u0105zku sk\u0142adkowego i nie buduje kapita\u0142u emerytalnego. <strong>Wyj\u0105tki mog\u0105 wyst\u0105pi\u0107 wtedy, gdy dzie\u0142o jest wykonywane na rzecz w\u0142asnego pracodawcy lub w szczeg\u00f3lnych konfiguracjach tytu\u0142\u00f3w ubezpieczeniowych. <\/strong>Najbezpieczniejszym podej\u015bciem jest \u015bwiadome sprawdzanie tytu\u0142\u00f3w ubezpieczenia i d\u0142ugofalowe planowanie, zw\u0142aszcza gdy kariera opiera si\u0119 g\u0142\u00f3wnie na umowach cywilnoprawnych.<\/p>\n\n\n\n<p><\/p>\n\n\n\n<p>\u0179r\u00f3d\u0142o zdj\u0119cia: https:\/\/pixabay.com\/photos\/contract-agreement-6951993\/<\/p>\n<!-- AddThis Advanced Settings generic via filter on the_content --><!-- AddThis Share Buttons generic via filter on the_content -->","protected":false},"excerpt":{"rendered":"<p>Czy umowa o dzie\u0142o wlicza si\u0119 do emerytury \u2013 to pytanie pojawia si\u0119 szczeg\u00f3lnie cz\u0119sto u os\u00f3b, kt\u00f3re przez wiele lat pracowa\u0142y na kontraktach cywilnoprawnych i dopiero z czasem zacz\u0119\u0142y analizowa\u0107 swoj\u0105 przysz\u0142o\u015b\u0107 finansow\u0105. Niepok\u00f3j jest zrozumia\u0142y, bo cho\u0107 pracy by\u0142o du\u017co, a do\u015bwiadczenie zawodowe systematycznie ros\u0142o, nie zawsze sz\u0142o to w parze z odk\u0142adaniem [&hellip;]<!-- AddThis Advanced Settings generic via filter on get_the_excerpt --><!-- AddThis Share Buttons generic via filter on get_the_excerpt --><\/p>\n","protected":false},"author":38,"featured_media":66236,"comment_status":"open","ping_status":"closed","sticky":false,"template":"","format":"standard","meta":[],"categories":[9],"tags":[],"aioseo_notices":[],"_links":{"self":[{"href":"https:\/\/www.gowork.pl\/blog\/wp-json\/wp\/v2\/posts\/66228"}],"collection":[{"href":"https:\/\/www.gowork.pl\/blog\/wp-json\/wp\/v2\/posts"}],"about":[{"href":"https:\/\/www.gowork.pl\/blog\/wp-json\/wp\/v2\/types\/post"}],"author":[{"embeddable":true,"href":"https:\/\/www.gowork.pl\/blog\/wp-json\/wp\/v2\/users\/38"}],"replies":[{"embeddable":true,"href":"https:\/\/www.gowork.pl\/blog\/wp-json\/wp\/v2\/comments?post=66228"}],"version-history":[{"count":1,"href":"https:\/\/www.gowork.pl\/blog\/wp-json\/wp\/v2\/posts\/66228\/revisions"}],"predecessor-version":[{"id":66237,"href":"https:\/\/www.gowork.pl\/blog\/wp-json\/wp\/v2\/posts\/66228\/revisions\/66237"}],"wp:featuredmedia":[{"embeddable":true,"href":"https:\/\/www.gowork.pl\/blog\/wp-json\/wp\/v2\/media\/66236"}],"wp:attachment":[{"href":"https:\/\/www.gowork.pl\/blog\/wp-json\/wp\/v2\/media?parent=66228"}],"wp:term":[{"taxonomy":"category","embeddable":true,"href":"https:\/\/www.gowork.pl\/blog\/wp-json\/wp\/v2\/categories?post=66228"},{"taxonomy":"post_tag","embeddable":true,"href":"https:\/\/www.gowork.pl\/blog\/wp-json\/wp\/v2\/tags?post=66228"}],"curies":[{"name":"wp","href":"https:\/\/api.w.org\/{rel}","templated":true}]}}