{"id":65762,"date":"2025-12-10T14:11:22","date_gmt":"2025-12-10T13:11:22","guid":{"rendered":"https:\/\/www.gowork.pl\/blog\/?p=65762"},"modified":"2026-02-06T13:52:57","modified_gmt":"2026-02-06T12:52:57","slug":"35-co-warto-wiedziec-na-temat-fotografii-eventowej","status":"publish","type":"post","link":"https:\/\/www.gowork.pl\/blog\/35-co-warto-wiedziec-na-temat-fotografii-eventowej\/","title":{"rendered":"Co warto wiedzie\u0107 na temat fotografii eventowej?"},"content":{"rendered":"\n<p><strong>Jedn\u0105 z najwa\u017cniejszych rzeczy, o kt\u00f3rych nale\u017cy\u00a0pami\u0119ta\u0107 podczas organizowania eventu firmowego, s\u0105 zdj\u0119cia. Odpowiednio wykonane mog\u0105 sta\u0107 si\u0119 \u015bwietnym uzupe\u0142nieniem publikacji nawi\u0105zuj\u0105cych do wydarzenia, pami\u0105tk\u0105 dla zaproszonych go\u015bci, a tak\u017ce sposobem na pochwalenie si\u0119 sukcesami firmy. To w\u0142a\u015bnie zdj\u0119cia s\u0105 tak naprawd\u0119 jedyn\u0105 rzecz\u0105, kt\u00f3ra zostaje po zako\u0144czeniu konferencji, targ\u00f3w i wielu innych wydarze\u0144. Warto wi\u0119c zadba\u0107 o to, aby by\u0142y to porz\u0105dnie wykonane fotografie, kt\u00f3re b\u0119dzie mo\u017cna wykorzysta\u0107 w promocji marki.<\/strong><\/p>\n<ol>\n<li>Czy\u00a0fotograf eventowy rzeczywi\u015bcie jest potrzebny?<\/li>\n<li>Fotograf specjalizuj\u0105cy si\u0119 w eventach biznesowych<\/li>\n<li>Popularne zastosowania zdj\u0119\u0107\u00a0eventowych<\/li>\n<li>Sprawdzone us\u0142ugi fotograficzne dla firm<\/li>\n<\/ol>\n<p>Wyb\u00f3r fotografa ma\u00a0w tym przypadku kluczowe znaczenie. Chocia\u017c zdj\u0119cia mo\u017ce zrobi\u0107 ka\u017cdy oddelegowany do tego pracownik, to b\u0119d\u0105 to\u00a0amatorskie, \u017ale wykadrowane i nieobrobione fotografie.\u00a0Takie materia\u0142y nie maj\u0105 \u017cadnej warto\u015bci dla budowania\u00a0wizerunku.\u00a0Zamiast wi\u0119c ryzykowa\u0107 czy\u00a0fotorelacja z eventu b\u0119dzie zgodna z oczekiwaniami\u00a0organizator\u00f3w, lepiej od razu postawi\u0107 na us\u0142ugi do\u015bwiadczonego fotografa. Nie mo\u017ce to by\u0107 jednak dowolny specjalista, poniewa\u017c fotografia\u00a0eventowa wymaga wiedzy i do\u015bwiadczenia, kt\u00f3rych\u00a0nie mo\u017cna zdoby\u0107 podczas robienia zdj\u0119\u0107 na \u015blubach. Sprawd\u017a, dlaczego profesjonalna fotografia eventowa Warszawa cieszy si\u0119 coraz wi\u0119kszym zainteresowaniem, na co wp\u0142ywa wyb\u00f3r fotografa z odpowiedni\u0105 specjalizacj\u0105 oraz do czego mo\u017cna wykorzysta\u0107 takie materia\u0142y.<\/p>\n<p><img loading=\"lazy\" class=\"aligncenter size-medium wp-image-65764\" src=\"https:\/\/www.gowork.pl\/blog\/wp-content\/uploads\/2025\/12\/obraz_1-400x600.jpg\" alt=\"\" width=\"400\" height=\"600\" srcset=\"https:\/\/www.gowork.pl\/blog\/wp-content\/uploads\/2025\/12\/obraz_1-400x600.jpg 400w, https:\/\/www.gowork.pl\/blog\/wp-content\/uploads\/2025\/12\/obraz_1-683x1024.jpg 683w, https:\/\/www.gowork.pl\/blog\/wp-content\/uploads\/2025\/12\/obraz_1-768x1152.jpg 768w, https:\/\/www.gowork.pl\/blog\/wp-content\/uploads\/2025\/12\/obraz_1-1024x1536.jpg 1024w, https:\/\/www.gowork.pl\/blog\/wp-content\/uploads\/2025\/12\/obraz_1.jpg 1280w\" sizes=\"(max-width: 400px) 100vw, 400px\" \/><\/p>\n<h3><strong>Czy\u00a0fotograf eventowy rzeczywi\u015bcie jest potrzebny?<\/strong><\/h3>\n<p>W czasach, gdy ka\u017cdy dysponuje smartfonem, z kt\u00f3rych wiele robi naprawd\u0119 dobre zdj\u0119cia, a organizatorzy event\u00f3w nie robi\u0105 fotografom-amatorom \u017cadnych problem\u00f3w, zdobycie zdj\u0119\u0107 z wydarzenia mo\u017ce wydawa\u0107 si\u0119 proste. Wystarczy jednak zapozna\u0107 si\u0119 z takimi fotografiami, aby od razu rzuci\u0142y si\u0119 w oczy niewyra\u017ane\u00a0uj\u0119cia,\u00a0nieprzemy\u015blane kadry\u00a0czy\u00a0po prostu nudne fotografie. Sprawy nie u\u0142atwia kr\u00f3tki czas, w jakim mo\u017cna zrobi\u0107 dobre zdj\u0119cia z wydarzenia. Wi\u0119kszo\u015b\u0107 event\u00f3w trwa maksymalnie kilka godzin. W tym czasie nale\u017cy natomiast wykona\u0107 zdj\u0119cia, kt\u00f3re pozwol\u0105 przez najbli\u017csze miesi\u0105ce podtrzyma\u0107 zainteresowanie wydarzeniem.<\/p>\n<p><img loading=\"lazy\" class=\"aligncenter size-medium wp-image-65765\" src=\"https:\/\/www.gowork.pl\/blog\/wp-content\/uploads\/2025\/12\/obraz_2-400x600.jpg\" alt=\"\" width=\"400\" height=\"600\" srcset=\"https:\/\/www.gowork.pl\/blog\/wp-content\/uploads\/2025\/12\/obraz_2-400x600.jpg 400w, https:\/\/www.gowork.pl\/blog\/wp-content\/uploads\/2025\/12\/obraz_2-683x1024.jpg 683w, https:\/\/www.gowork.pl\/blog\/wp-content\/uploads\/2025\/12\/obraz_2-768x1152.jpg 768w, https:\/\/www.gowork.pl\/blog\/wp-content\/uploads\/2025\/12\/obraz_2-1024x1536.jpg 1024w, https:\/\/www.gowork.pl\/blog\/wp-content\/uploads\/2025\/12\/obraz_2.jpg 1280w\" sizes=\"(max-width: 400px) 100vw, 400px\" \/><\/p>\n<p>\u015awietnym przyk\u0142adem dzia\u0142a\u0144, kt\u00f3re mog\u0105 prowadzi\u0107 do poprawy widoczno\u015bci w mediach, jest wykorzystanie zdj\u0119\u0107 w\u00a0notatkach prasowych. Chocia\u017c media bran\u017cowe ch\u0119tnie korzystaj\u0105 z takich materia\u0142\u00f3w, zazwyczaj wymagaj\u0105 jako\u015bci premium. Oznacza to ostre, odpowiednio o\u015bwietlone i dobrze wykadrowane\u00a0zdj\u0119cia. Wiele firm oraz uczestnik\u00f3w korzysta z\u00a0tych\u00a0materia\u0142\u00f3w r\u00f3wnie\u017c w celu budowania swojej marki. Profesjonalne zdj\u0119cia z eventu to prosty i skuteczny spos\u00f3b, aby potwierdzi\u0107\u00a0swoj\u0105 obecno\u015b\u0107 w bran\u017cy.<\/p>\n<p>Trudno wi\u0119c m\u00f3wi\u0107 o profesjonalnie\u00a0zorganizowanym evencie,\u00a0je\u017celi nie\u00a0zostanie zatrudniony\u00a0fotograf eventowy Warszawa.\u00a0Wsp\u00f3\u0142praca daje organizatorowi\u00a0gwarancj\u0119\u00a0uzyskania setek unikatowych i gotowych do wykorzystania zdj\u0119\u0107.\u00a0Fotorelacja mo\u017ce wi\u0119c zosta\u0107 wykorzystana do budowy kluczowych podstron na firmowej witrynie i przygotowania tre\u015bci na\u00a0kana\u0142y w\u00a0social mediach. Nic wi\u0119c dziwnego, \u017ce coraz\u00a0wi\u0119cej\u00a0klient\u00f3w regularnie zamawia\u00a0zdj\u0119cia eventowe dla firm, a zwi\u0105zane z tym wydatki traktuje tak samo, jak\u00a0koszty obs\u0142ugi agencji marketingowej czy pozycjonowania strony.<\/p>\n<h3><strong>Fotograf specjalizuj\u0105cy si\u0119 w eventach biznesowych<\/strong><\/h3>\n<p>Wielu fotograf\u00f3w reklamuje swoje us\u0142ugi jako najlepszy wyb\u00f3r niezale\u017cnie od tego, czy chodzi o zdj\u0119cia portretowe, biznesowe, artystyczne czy o jeszcze inne rodzaje fotografii.\u00a0Wyspecjalizowanie si\u0119 w ka\u017cdej z tych dziedzin wymaga po\u015bwi\u0119cenia wielu lat oraz posiadania odpowiednio dobranego sprz\u0119tu. Najlepiej wi\u0119c skorzysta\u0107 z oferty kogo\u015b, kto\u00a0specjalizuje si\u0119 jako\u00a0fotograf na konferencj\u0119 i rzeczywi\u015bcie mo\u017ce pochwali\u0107 si\u0119 wieloma sukcesami w tej bran\u017cy.\u00a0Klienci z Warszawy i okolic ju\u017c od kilku lat mog\u0105 korzysta\u0107 z us\u0142ug\u00a0<a href=\"https:\/\/marcinkrokowski.com\/\"><strong>Marcin Krokowski Fotografia Eventowa<\/strong><\/a>.\u00a0Liczne opinie potwierdzaj\u0105, \u017ce wykonane fotografie maj\u0105 du\u017cy potencja\u0142 marketingowy, a fotografowi cz\u0119sto udaje si\u0119 uchwyci\u0107 kluczowe, a przede wszystkim niewyre\u017cyserowane chwile. Taka\u00a0autentyczno\u015b\u0107\u00a0jest p\u00f3\u017aniej widoczna w ca\u0142ej fotorelacji,\u00a0co\u00a0zwi\u0119ksza zainteresowanie materia\u0142ami i sprawia, \u017ce\u00a0\u0142atwiej docieraj\u0105 do odbiorc\u00f3w.<\/p>\n<p><img loading=\"lazy\" class=\"aligncenter size-medium wp-image-65766\" src=\"https:\/\/www.gowork.pl\/blog\/wp-content\/uploads\/2025\/12\/obraz_3-600x400.jpg\" alt=\"\" width=\"600\" height=\"400\" srcset=\"https:\/\/www.gowork.pl\/blog\/wp-content\/uploads\/2025\/12\/obraz_3-600x400.jpg 600w, https:\/\/www.gowork.pl\/blog\/wp-content\/uploads\/2025\/12\/obraz_3-1024x682.jpg 1024w, https:\/\/www.gowork.pl\/blog\/wp-content\/uploads\/2025\/12\/obraz_3-375x250.jpg 375w, https:\/\/www.gowork.pl\/blog\/wp-content\/uploads\/2025\/12\/obraz_3-768x512.jpg 768w, https:\/\/www.gowork.pl\/blog\/wp-content\/uploads\/2025\/12\/obraz_3.jpg 1280w\" sizes=\"(max-width: 600px) 100vw, 600px\" \/><\/p>\n<h3><strong>Popularne\u00a0zastosowania zdj\u0119\u0107\u00a0eventowych<\/strong><\/h3>\n<p>Zdj\u0119cia konferencje obejmuj\u0105 wbrew pozorom r\u00f3wnie\u017c inne wydarzenia. Popularne eventy, z kt\u00f3rych firma powinna\u00a0uzyska\u0107 fotorelacj\u0119 na potrzeby prowadzonych dzia\u0142a\u0144 marketingowych,\u00a0to mi\u0119dzy innymi targi,\u00a0bankiety, koncerty, pokazy oraz imprezy firmowe. Fotografia biznesowa wydarze\u0144 mo\u017ce s\u0142u\u017cy\u0107 celom\u00a0wizerunkowym, eksperckim, generowaniu sprzeda\u017cy, HR oraz wspomnianym social mediom. Profesjonalne uj\u0119cia prelegent\u00f3w pozwalaj\u0105 budowa\u0107 wizerunek ekspercki, a dzi\u0119ki\u00a0przyci\u0105gaj\u0105cym uwag\u0119 zdj\u0119ciom stoisk\u00a0mo\u017cna generowa\u0107 leady. Autentyczne\u00a0zdj\u0119cia targi \u015bwietnie sprawdz\u0105 si\u0119 w networkingu,\u00a0natomiast\u00a0uj\u0119cia z imprez firmowych pozwol\u0105 w ciekawy spos\u00f3b wype\u0142ni\u0107 tre\u015bci\u0105 zak\u0142adki &#8222;O nas&#8221;, &#8222;Nasz zesp\u00f3\u0142&#8221; czy &#8222;Kariera&#8221;.<\/p>\n<p><img loading=\"lazy\" class=\"aligncenter size-medium wp-image-65767\" src=\"https:\/\/www.gowork.pl\/blog\/wp-content\/uploads\/2025\/12\/obraz_4-600x400.jpg\" alt=\"\" width=\"600\" height=\"400\" srcset=\"https:\/\/www.gowork.pl\/blog\/wp-content\/uploads\/2025\/12\/obraz_4-600x400.jpg 600w, https:\/\/www.gowork.pl\/blog\/wp-content\/uploads\/2025\/12\/obraz_4-1024x682.jpg 1024w, https:\/\/www.gowork.pl\/blog\/wp-content\/uploads\/2025\/12\/obraz_4-375x250.jpg 375w, https:\/\/www.gowork.pl\/blog\/wp-content\/uploads\/2025\/12\/obraz_4-768x512.jpg 768w, https:\/\/www.gowork.pl\/blog\/wp-content\/uploads\/2025\/12\/obraz_4.jpg 1280w\" sizes=\"(max-width: 600px) 100vw, 600px\" \/><\/p>\n<h3><strong>Sprawdzone us\u0142ugi fotograficzne dla firm<\/strong><\/h3>\n<p>Fotograf na event firmowy\u00a0jest zazwyczaj rezerwowany nawet z kilkumiesi\u0119cznym wyprzedzeniem, dlatego warto ju\u017c teraz zapyta\u0107 o\u00a0ofert\u0119. Dzi\u0119ki temu\u00a0fotografia biznesowa wydarze\u0144 zostanie wykonana prawid\u0142owo, a firma zyska\u00a0warto\u015bciowe materia\u0142y. Niezale\u017cnie wi\u0119c od tego, czy potrzebne s\u0105 zdj\u0119cia z du\u017cej gali, kameralnego szkolenia dla pracownik\u00f3w, czy\u00a0dyskretna fotorelacja ze spotkania biznesowego, wsp\u00f3\u0142praca z Marcin Krokowski Fotografia Eventowa z pewno\u015bci\u0105 spe\u0142ni oczekiwania nawet najbardziej wymagaj\u0105cych klient\u00f3w.<\/p>\n<p><img loading=\"lazy\" class=\"aligncenter size-medium wp-image-65768\" src=\"https:\/\/www.gowork.pl\/blog\/wp-content\/uploads\/2025\/12\/obraz_5-600x400.jpg\" alt=\"\" width=\"600\" height=\"400\" srcset=\"https:\/\/www.gowork.pl\/blog\/wp-content\/uploads\/2025\/12\/obraz_5-600x400.jpg 600w, https:\/\/www.gowork.pl\/blog\/wp-content\/uploads\/2025\/12\/obraz_5-1024x682.jpg 1024w, https:\/\/www.gowork.pl\/blog\/wp-content\/uploads\/2025\/12\/obraz_5-375x250.jpg 375w, https:\/\/www.gowork.pl\/blog\/wp-content\/uploads\/2025\/12\/obraz_5-768x512.jpg 768w, https:\/\/www.gowork.pl\/blog\/wp-content\/uploads\/2025\/12\/obraz_5.jpg 1280w\" sizes=\"(max-width: 600px) 100vw, 600px\" \/><\/p>\n<p><em>Artyku\u0142 sponsorowany<\/em><\/p>\n<!-- AddThis Advanced Settings generic via filter on the_content --><!-- AddThis Share Buttons generic via filter on the_content -->","protected":false},"excerpt":{"rendered":"<p>Jedn\u0105 z najwa\u017cniejszych rzeczy, o kt\u00f3rych nale\u017cy\u00a0pami\u0119ta\u0107 podczas organizowania eventu firmowego, s\u0105 zdj\u0119cia. Odpowiednio wykonane mog\u0105 sta\u0107 si\u0119 \u015bwietnym uzupe\u0142nieniem publikacji nawi\u0105zuj\u0105cych do wydarzenia, pami\u0105tk\u0105 dla zaproszonych go\u015bci, a tak\u017ce sposobem na pochwalenie si\u0119 sukcesami firmy. To w\u0142a\u015bnie zdj\u0119cia s\u0105 tak naprawd\u0119 jedyn\u0105 rzecz\u0105, kt\u00f3ra zostaje po zako\u0144czeniu konferencji, targ\u00f3w i wielu innych wydarze\u0144. Warto [&hellip;]<!-- AddThis Advanced Settings generic via filter on get_the_excerpt --><!-- AddThis Share Buttons generic via filter on get_the_excerpt --><\/p>\n","protected":false},"author":35,"featured_media":65763,"comment_status":"open","ping_status":"closed","sticky":false,"template":"","format":"standard","meta":[],"categories":[1],"tags":[],"aioseo_notices":[],"_links":{"self":[{"href":"https:\/\/www.gowork.pl\/blog\/wp-json\/wp\/v2\/posts\/65762"}],"collection":[{"href":"https:\/\/www.gowork.pl\/blog\/wp-json\/wp\/v2\/posts"}],"about":[{"href":"https:\/\/www.gowork.pl\/blog\/wp-json\/wp\/v2\/types\/post"}],"author":[{"embeddable":true,"href":"https:\/\/www.gowork.pl\/blog\/wp-json\/wp\/v2\/users\/35"}],"replies":[{"embeddable":true,"href":"https:\/\/www.gowork.pl\/blog\/wp-json\/wp\/v2\/comments?post=65762"}],"version-history":[{"count":1,"href":"https:\/\/www.gowork.pl\/blog\/wp-json\/wp\/v2\/posts\/65762\/revisions"}],"predecessor-version":[{"id":65769,"href":"https:\/\/www.gowork.pl\/blog\/wp-json\/wp\/v2\/posts\/65762\/revisions\/65769"}],"wp:featuredmedia":[{"embeddable":true,"href":"https:\/\/www.gowork.pl\/blog\/wp-json\/wp\/v2\/media\/65763"}],"wp:attachment":[{"href":"https:\/\/www.gowork.pl\/blog\/wp-json\/wp\/v2\/media?parent=65762"}],"wp:term":[{"taxonomy":"category","embeddable":true,"href":"https:\/\/www.gowork.pl\/blog\/wp-json\/wp\/v2\/categories?post=65762"},{"taxonomy":"post_tag","embeddable":true,"href":"https:\/\/www.gowork.pl\/blog\/wp-json\/wp\/v2\/tags?post=65762"}],"curies":[{"name":"wp","href":"https:\/\/api.w.org\/{rel}","templated":true}]}}