{"id":64518,"date":"2025-10-13T16:23:41","date_gmt":"2025-10-13T14:23:41","guid":{"rendered":"https:\/\/www.gowork.pl\/blog\/?p=64518"},"modified":"2025-10-13T16:23:42","modified_gmt":"2025-10-13T14:23:42","slug":"38-jak-wypelnic-pit-28-kiedy-trzeba-go-zlozyc","status":"publish","type":"post","link":"https:\/\/www.gowork.pl\/blog\/38-jak-wypelnic-pit-28-kiedy-trzeba-go-zlozyc\/","title":{"rendered":"Jak wype\u0142ni\u0107 PIT-28? Kiedy trzeba go z\u0142o\u017cy\u0107?"},"content":{"rendered":"\n<p>Jak wype\u0142ni\u0107 PIT-28 \u2013 to pytanie, kt\u00f3re zadaje sobie wielu przedsi\u0119biorc\u00f3w rozliczaj\u0105cych rycza\u0142t, a tak\u017ce osoby osi\u0105gaj\u0105ce przychody z najmu prywatnego. Formularz PIT-28 s\u0142u\u017cy do rozliczenia przychod\u00f3w ewidencjonowanych opodatkowanych w formie rycza\u0142tu, dlatego rz\u0105dzi si\u0119 innymi zasadami ni\u017c skala podatkowa czy podatek liniowy. W tym przewodniku wyja\u015bniam kiedy z\u0142o\u017cy\u0107 zeznanie PIT-28, jak przej\u015b\u0107 przez jego najwa\u017cniejsze sekcje oraz jak bezpiecznie wykaza\u0107 przychody podatnika z r\u00f3\u017cnych \u017ar\u00f3de\u0142 \u2014 od pozarolniczej dzia\u0142alno\u015bci gospodarczej, przez najem prywatny, po szczeg\u00f3lne kategorie przychod\u00f3w.<\/p>\n\n\n\n<h2>PIT-28 \u2014 dla kogo i w jakich sytuacjach?<\/h2>\n\n\n\n<p><a href=\"https:\/\/www.gowork.pl\/poradnik\/17\/zarobki\/jak-wypelnic-formularz-pit-28-pobierz-wzor\/\" title=\"\">PIT-28 <\/a>sk\u0142adaj\u0105 podatnicy, kt\u00f3rzy w danym roku rozliczali przychody opodatkowane rycza\u0142tem, w szczeg\u00f3lno\u015bci:<\/p>\n\n\n\n<ul><li>z dzia\u0142alno\u015bci gospodarczej opodatkowanej rycza\u0142tem od przychod\u00f3w ewidencjonowanych,<\/li><li>z najmu prywatnego (r\u00f3wnie\u017c wtedy, gdy najem nie jest prowadzony w ramach firmy, ale wybrano rycza\u0142t),<\/li><li>z innych \u017ar\u00f3de\u0142 wskazanych w przepisach (np. sprzeda\u017cy produkt\u00f3w ro\u015blinnych lub produkt\u00f3w ro\u015blinnych i zwierz\u0119cych w warunkach ustawowych).<\/li><\/ul>\n\n\n\n<p><strong>Je\u015bli prowadzisz pozarolnicz\u0105 dzia\u0142alno\u015b\u0107 gospodarcz\u0105 i wybra\u0142e\u015b rycza\u0142t, rozliczasz ca\u0142o\u015b\u0107 przychod\u00f3w z tego \u017ar\u00f3d\u0142a w\u0142a\u015bnie w PIT-28.<\/strong> Analogicznie post\u0119puj\u0105 osoby uzyskuj\u0105ce przychody z najmu prywatnego, rozliczanego rycza\u0142tem.<\/p>\n\n\n\n<blockquote class=\"wp-block-quote\"><p>Uwaga: gdy cz\u0119\u015b\u0107 Twoich przychod\u00f3w rozliczana jest rycza\u0142tem, a cz\u0119\u015b\u0107 na skali podatkowej lub podatkiem liniowym, sk\u0142adasz odr\u0119bne deklaracje dla pozosta\u0142ych \u017ar\u00f3de\u0142.<\/p><\/blockquote>\n\n\n\n<h2>Jak wype\u0142ni\u0107 PIT-28 \u2014 mapa formularza<\/h2>\n\n\n\n<p>Formularz PIT-28 obejmuje cz\u0119\u015b\u0107 identyfikacyjn\u0105, zestawienie przychod\u00f3w wed\u0142ug poszczeg\u00f3lnych stawek, obliczenie podatku, odliczenia oraz za\u0142\u0105czniki. Oto praktyczna kolejno\u015b\u0107 dzia\u0142a\u0144:<\/p>\n\n\n\n<ol><li><strong>Dane identyfikacyjne i urz\u0105d<\/strong><br>Podaj swoje dane jako osoba fizyczna, wska\u017c w\u0142a\u015bciwy organ podatkowy oraz rok podatkowy.<\/li><li><strong>Wykaz \u017ar\u00f3de\u0142 i grup przychod\u00f3w<\/strong><br>Wska\u017c przychody okre\u015blone do opodatkowania rycza\u0142tem. Pami\u0119taj, \u017ce pole dotyczy grup przychod\u00f3w, a nie koszt\u00f3w (rycza\u0142t liczysz od przychodu). Zwykle wyodr\u0119bnisz m.in.:<ul><li>przychody z dzia\u0142alno\u015bci gospodarczej,<\/li><li>przychody z najmu prywatnego,<\/li><li>przychody szczeg\u00f3lne (np. sprzeda\u017c produkt\u00f3w ro\u015blinnych \u2013 z wy\u0142\u0105czeniem produkt\u00f3w opodatkowanych podatkiem akcyzowym, gdy tak stanowi\u0105 przepisy).<\/li><\/ul><\/li><li><strong>Podzia\u0142 na stawki rycza\u0142tu<\/strong><br>W cz\u0119\u015bci stawek uzupe\u0142nij poszczeg\u00f3lne stawki podatku przypisane do odpowiednich grup przychod\u00f3w. W rycza\u0142cie nie wykazujesz koszt\u00f3w \u2014 wpisujesz wy\u0142\u0105cznie warto\u015bci przychod\u00f3w.<\/li><li><strong>Odliczenia i obni\u017cenia<\/strong><br>Zastosuj przys\u0142uguj\u0105ce odliczenia, <a target=\"_blank\" rel=\"noreferrer noopener\" href=\"http:\/\/m.in\">m.in<\/a>.:<ul><li>sk\u0142adki na ubezpieczenia spo\u0142eczne (odliczane od przychodu),<\/li><li>dopuszczalne ulgi (np. mieszkaniowe, prorodzinne \u2014 o ile przepisy pozwalaj\u0105).<br>Ubezpieczenie zdrowotne rozlicz na zasadach w\u0142a\u015bciwych dla rycza\u0142tu.<\/li><\/ul><\/li><li><strong>Za\u0142\u0105czniki<\/strong><br>W zale\u017cno\u015bci od sytuacji do\u0142\u0105cz:<ul><li>PIT-28\/A \u2013 ewidencja przychod\u00f3w z dzia\u0142alno\u015bci (ewidencja przychod\u00f3w),<\/li><li>PIT-28\/B \u2013 gdy jeste\u015b wsp\u00f3lnikiem (np. sp\u00f3\u0142ki cywilnej lub jawnej),<\/li><li>PIT\/O \u2013 ulgi i odliczenia.<\/li><\/ul><\/li><li><strong>Podsumowanie i podpis<\/strong><br>Zweryfikuj sumy, do\u0142\u0105cz wymagane za\u0142\u0105czniki i z\u0142\u00f3\u017c zeznanie. Przy wysy\u0142ce elektronicznej zachowaj urz\u0119dowe po\u015bwiadczenie odbioru (UPO).<\/li><\/ol>\n\n\n\n<h2>Kiedy z\u0142o\u017cy\u0107 PIT-28?<\/h2>\n\n\n\n<p><strong>PIT-28 sk\u0142adasz za dany rok podatkowy w ustawowo okre\u015blonym terminie dla tej deklaracji.<\/strong> Dotyczy to os\u00f3b rozliczaj\u0105cych rycza\u0142t z pozarolniczej dzia\u0142alno\u015bci gospodarczej, najmu prywatnego oraz innych \u017ar\u00f3de\u0142 opodatkowanych rycza\u0142tem.<\/p>\n\n\n\n<ul><li>W przypadku wsp\u00f3lnik\u00f3w <a href=\"https:\/\/www.gowork.pl\/poradnik\/17\/zostan-pracodawca\/spolka-cywilna-co-to-wady-i-zalety-spolki-na-zasadach-kc\/\" title=\"\">sp\u00f3\u0142ki cywilnej<\/a> lub jawnej \u2014 ka\u017cdy wsp\u00f3lnik sk\u0142ada w\u0142asne zeznanie, wykazuj\u0105c swoj\u0105 cz\u0119\u015b\u0107 przychodu.<\/li><li>Je\u017celi w trakcie roku zmieni\u0142e\u015b form\u0119 opodatkowania, rozdziel rozliczenia wed\u0142ug zasad w\u0142a\u015bciwych dla danej cz\u0119\u015bci roku i \u017ar\u00f3d\u0142a.<\/li><\/ul>\n\n\n\n<h2>Rycza\u0142t: ewidencja i grupy przychod\u00f3w<\/h2>\n\n\n\n<p>W PIT-28 wykazujesz przychody zgodnie z ewidencj\u0105 przychod\u00f3w prowadzon\u0105 na bie\u017c\u0105co. Przychody dzielisz na grupy odpowiadaj\u0105ce rodzajom dzia\u0142alno\u015bci b\u0105d\u017a \u017ar\u00f3d\u0142om, <a target=\"_blank\" rel=\"noreferrer noopener\" href=\"http:\/\/m.in\">m.in<\/a>.:<\/p>\n\n\n\n<ul><li>dzia\u0142alno\u015b\u0107 gospodarcza (us\u0142ugi, handel, wytw\u00f3rczo\u015b\u0107),<\/li><li>najem prywatny,<\/li><li>grupy szczeg\u00f3lne wynikaj\u0105ce z przepis\u00f3w (np. sprzeda\u017c produkt\u00f3w ro\u015blinnych w okre\u015blonych warunkach, z wy\u0142\u0105czeniem produkt\u00f3w akcyzowych, je\u015bli tak stanowi ustawa).<\/li><\/ul>\n\n\n\n<p><strong>Nie ujmujesz koszt\u00f3w \u2014 w rycza\u0142cie liczy si\u0119 og\u00f3lna kwota przychod\u00f3w przypisana do w\u0142a\u015bciwych p\u00f3l i stawek.<\/strong><\/p>\n\n\n\n<h2>Ulgi i odliczenia w PIT-28 \u2014 co mo\u017cna uwzgl\u0119dni\u0107?<\/h2>\n\n\n\n<p>W rycza\u0142cie obowi\u0105zuje odr\u0119bny katalog odlicze\u0144. Najcz\u0119\u015bciej:<\/p>\n\n\n\n<ul><li>sk\u0142adki na ubezpieczenia spo\u0142eczne (odliczane od przychodu),<\/li><li>wybrane ulgi (np. prorodzinna, darowizny) \u2014 je\u015bli s\u0105 dopuszczalne przy rycza\u0142cie,<\/li><li>rozliczenie ubezpieczenia zdrowotnego zgodnie z zasadami w\u0142a\u015bciwymi dla rycza\u0142tu.<\/li><\/ul>\n\n\n\n<blockquote class=\"wp-block-quote\"><p><strong>Je\u015bli dzia\u0142asz w obszarach szczeg\u00f3lnych (np. transakcje handlowe i ulga na z\u0142e d\u0142ugi), stosuj odpowiednie rubryki i opisy, a zdarzenia dokumentuj na wypadek post\u0119powania podatkowego.<\/strong><\/p><\/blockquote>\n\n\n\n<h2>Najem prywatny na rycza\u0142cie \u2014 jak uj\u0105\u0107 w PIT-28?<\/h2>\n\n\n\n<p>Przychody z najmu prywatnego wykazujesz w przeznaczonej do tego cz\u0119\u015bci formularza. Zwr\u00f3\u0107 uwag\u0119 na:<\/p>\n\n\n\n<ul><li>uj\u0119cie ca\u0142o\u015bci przychod\u00f3w z czynszu,<\/li><li>rozliczenia wsp\u00f3\u0142w\u0142a\u015bcicieli \u2014 ka\u017cdy wykazuje w\u0142asny udzia\u0142,<\/li><li>zachowanie sp\u00f3jno\u015bci z <a href=\"https:\/\/www.gowork.pl\/blog\/38-umowa-najmu-mieszkania-jak-pownna-wygladac-i-na-co-uwazac\/\" title=\"\">umowami najmu <\/a>i ewidencj\u0105 wp\u0142at.<\/li><\/ul>\n\n\n\n<h2>Wsp\u00f3lnicy w sp\u00f3\u0142kach cywilnych i jawnych \u2014 co z PIT-28?<\/h2>\n\n\n\n<p>Jako wsp\u00f3lnik sp\u00f3\u0142ki cywilnej lub jawnej wykazujesz przych\u00f3d proporcjonalnie do udzia\u0142u oraz do\u0142\u0105czasz PIT-28\/B, kt\u00f3ry prezentuje szczeg\u00f3\u0142y z tytu\u0142u udzia\u0142u. Prowad\u017a sp\u00f3jn\u0105 ewidencj\u0119 przychod\u00f3w zar\u00f3wno w sp\u00f3\u0142ce, jak i u wsp\u00f3lnika.<\/p>\n\n\n\n<h2>PIT-28 w ramach dzia\u0142alno\u015bci gospodarczej \u2013 jak prawid\u0142owo uj\u0105\u0107 przychody i stawki<\/h2>\n\n\n\n<p>Rozliczenie rycza\u0142tu w ramach dzia\u0142alno\u015bci gospodarczej zaczyna si\u0119 od rzetelnej ewidencji i w\u0142a\u015bciwego przypisania wp\u0142yw\u00f3w do stawek. Je\u015bli uzyskujesz przychody opodatkowane rycza\u0142tem z tytu\u0142u prowadzenia dzia\u0142alno\u015bci gospodarczej, wype\u0142niaj\u0105c PIT-28 pami\u0119taj, \u017ce wykazujesz wy\u0142\u0105cznie przych\u00f3d \u2013 nie koszty.<strong> Ka\u017cd\u0105 sprzeda\u017c i us\u0142ug\u0119 uj\u0119t\u0105 w ewidencji zestawiasz z odpowiedni\u0105 stawk\u0105 rycza\u0142tu, zale\u017cn\u0105 od rodzaju czynno\u015bci (handel, us\u0142ugi, wytw\u00f3rczo\u015b\u0107).<\/strong> W przypadku samodzielnej dzia\u0142alno\u015bci gospodarczej to Ty, jako podatnik, odpowiadasz za poprawne zaklasyfikowanie przychodu oraz bie\u017c\u0105ce prowadzenie ewidencji. Je\u017celi dzia\u0142asz jako wsp\u00f3lnik sp\u00f3\u0142ki cywilnej lub jawnej, przychody przypisujesz proporcjonalnie do udzia\u0142u i do\u0142\u0105czasz w\u0142a\u015bciwy za\u0142\u0105cznik.<\/p>\n\n\n\n<p>Kluczowe jest zachowanie sp\u00f3jno\u015bci mi\u0119dzy ewidencj\u0105 a deklaracj\u0105: suma z rejestr\u00f3w powinna odpowiada\u0107 warto\u015bciom wskazanym w cz\u0119\u015bci dotycz\u0105cej stawek rycza\u0142tu. Zwr\u00f3\u0107 uwag\u0119 na prawid\u0142owe rozdzielenie dzia\u0142alno\u015bci mieszanej (np. handel i us\u0142ugi), poniewa\u017c r\u00f3\u017cne segmenty mog\u0105 podlega\u0107 odmiennym stawkom. Warto te\u017c upewni\u0107 si\u0119, \u017ce ulgi i odliczenia dopuszczalne przy rycza\u0142cie (np. sk\u0142adki na ubezpieczenia spo\u0142eczne) zosta\u0142y zastosowane we w\u0142a\u015bciwych pozycjach formularza. Pami\u0119taj, \u017ce podatku dochodowym w PIT-28 nie liczysz od dochodu, lecz od przychodu \u2013 to jedna z najcz\u0119stszych pu\u0142apek pocz\u0105tkuj\u0105cych. Dodatkowo regularnie kontroluj daty powstania przychod\u00f3w (moment wykonania us\u0142ugi\/otrzymania zap\u0142aty \u2013 zgodnie z przepisami rycza\u0142towymi), aby unikn\u0105\u0107 przesuni\u0119\u0107 mi\u0119dzy miesi\u0105cami i latami podatkowymi. Taki porz\u0105dek pozwala bez nerw\u00f3w zamkn\u0105\u0107 rok i ogranicza ryzyko p\u00f3\u017aniejszych korekt.<\/p>\n\n\n\n<hr class=\"wp-block-separator\"\/>\n\n\n\n<h2>Przychody szczeg\u00f3lne: z tytu\u0142u sprzeda\u017cy produkt\u00f3w ro\u015blinnych i prywatnego najmu \u2013 co trafi do PIT-28<\/h2>\n\n\n\n<p>PIT-28 obejmuje nie tylko klasyczny handel i us\u0142ugi, ale r\u00f3wnie\u017c przychody specyficzne, kt\u00f3re wymagaj\u0105 szczeg\u00f3lnej uwagi przy kwalifikacji. Po pierwsze, z tytu\u0142u sprzeda\u017cy produkt\u00f3w ro\u015blinnych mo\u017cesz rozlicza\u0107 rycza\u0142t, o ile mie\u015bcisz si\u0119 w warunkach przewidzianych przepisami (np. chodzi o okre\u015blone rodzaje sprzeda\u017cy i wy\u0142\u0105czenia \u2013 zw\u0142aszcza w relacji do wyrob\u00f3w obj\u0119tych akcyz\u0105). <strong>Kluczowe jest tu w\u0142a\u015bciwe udokumentowanie pochodzenia produkt\u00f3w, rodzaju sprzeda\u017cy i przypisanie w\u0142a\u015bciwej stawki. W\u0105tpliwo\u015bci co do klasyfikacji warto rozstrzyga\u0107 na bie\u017c\u0105co, aby nie gromadzi\u0107 rozbie\u017cno\u015bci na koniec roku.<\/strong><\/p>\n\n\n\n<p>Po drugie, prywatnego najmu \u2013 rozliczanego rycza\u0142tem \u2013 nie \u0142\u0105czysz z przychodami firmowymi, je\u017celi wynajem nie jest prowadzony w dzia\u0142alno\u015bci. W formularzu PIT-28 znajdziesz odr\u0119bne sekcje, w kt\u00f3rych wpiszesz czynsze oraz inne przychody z najmu. Wsp\u00f3\u0142w\u0142a\u015bciciele wykazuj\u0105 swoje udzia\u0142y zgodnie z proporcj\u0105 w\u0142asno\u015bci. Dla porz\u0105dku przygotuj zestawienie um\u00f3w, potwierdze\u0144 przelew\u00f3w i ewentualnych <a href=\"https:\/\/www.gowork.pl\/poradnik\/prawo-pracy\/aneks-do-umowy-o-prace-co-to-jest-i-jak-go-sporzadzic\/\" title=\"\">aneks\u00f3w<\/a>, aby w razie potrzeby \u0142atwo wykaza\u0107, jak obliczono przychody opodatkowane rycza\u0142tem.<\/p>\n\n\n\n<p>Z praktycznego punktu widzenia dobrze jest prowadzi\u0107 dwa r\u00f3wnoleg\u0142e rejestry: jeden dla dzia\u0142alno\u015bci, drugi dla najmu. Minimalizuje to ryzyko omy\u0142kowego \u0142\u0105czenia wp\u0142yw\u00f3w i u\u0142atwia kontrol\u0119 stawek. Pami\u0119taj te\u017c, \u017ce w rycza\u0142cie nie odliczasz koszt\u00f3w \u2013 tak\u017ce przy najmie. Dlatego rzetelne przypisanie kwot do odpowiednich p\u00f3l ma bezpo\u015brednie prze\u0142o\u017cenie na poprawno\u015b\u0107 oblicze\u0144 i spok\u00f3j podczas rozlicze\u0144 w podatku dochodowym w uj\u0119ciu rycza\u0142towym.<\/p>\n\n\n\n<hr class=\"wp-block-separator\"\/>\n\n\n\n<h2>Korekty, ulga na z\u0142e d\u0142ugi i spory: gdy wierzytelno\u015b\u0107 zmniejszy\u0142a przychody podatnika<\/h2>\n\n\n\n<p>W realiach biznesowych zdarzaj\u0105 si\u0119 sytuacje, w kt\u00f3rych kontrahent nie p\u0142aci na czas, a wierzytelno\u015b\u0107 zmniejszy\u0142a przychody podatnika w rozliczeniu rocznym przez zastosowanie mechanizm\u00f3w \u201ez\u0142ych d\u0142ug\u00f3w\u201d. W rycza\u0142cie obowi\u0105zuj\u0105 odr\u0119bne regu\u0142y ni\u017c przy rozliczaniu koszt\u00f3w, ale nadal mo\u017cesz mie\u0107 do czynienia z korektami podstawy opodatkowania, je\u017celi spe\u0142niono ustawowe przes\u0142anki.<strong> Wa\u017cne, by wszelkie dzia\u0142ania dokumentowa\u0107: wezwania do zap\u0142aty, noty odsetkowe, potwierdzenia wysy\u0142ek i korespondencj\u0119.<\/strong> Gdy sprawa trafia do windykacji lub sporu, przygotuj akta tak, aby w toku post\u0119powania podatkowego wykaza\u0107, sk\u0105d wynika korekta i jakie kroki podj\u0119to.<\/p>\n\n\n\n<p>Je\u017celi prowadzisz podatnika dzia\u0142alno\u015bci gospodarczej (np. jako pe\u0142nomocnik, ksi\u0119gowy lub we w\u0142asnej firmie), pami\u0119taj o sp\u00f3jno\u015bci mi\u0119dzy ewidencj\u0105 przychod\u00f3w a deklaracj\u0105 PIT-28. Korekty musz\u0105 mie\u0107 odzwierciedlenie w dokumentach \u017ar\u00f3d\u0142owych i w rejestrach. Zadbaj o harmonogram przegl\u0105d\u00f3w nale\u017cno\u015bci: warto co miesi\u0105c weryfikowa\u0107 list\u0119 nieop\u0142aconych faktur oraz terminy up\u0142ywu p\u0142atno\u015bci. W przypadku rozbie\u017cno\u015bci rozwa\u017c korekt\u0119 deklaracji, zanim organ uczyni to za Ciebie.<\/p>\n\n\n\n<p>Dodatkowo w umowach handlowych stosuj zapisy ograniczaj\u0105ce ryzyko (zaliczki, kr\u00f3tsze terminy, zabezpieczenia). To prewencja r\u00f3wnie istotna, jak znajomo\u015b\u0107 przepis\u00f3w o korektach. Je\u015bli prowadzisz r\u00f3wnie\u017c prywatny najem, nie mieszaj dokumentacji i rozlicze\u0144 z dzia\u0142alno\u015bci\u0105 \u2013 ka\u017cdy strumie\u0144 przychod\u00f3w traktuj osobno. Przejrzysto\u015b\u0107 ewidencji, terminowe dzia\u0142ania upominawcze oraz prawid\u0142owe uj\u0119cie korekt w PIT-28 to najlepsza tarcza w razie pyta\u0144 urz\u0119du i potencjalnej kontroli.<\/p>\n\n\n\n<h2>Lista kontrolna przed wysy\u0142k\u0105<\/h2>\n\n\n\n<ul><li>Czy ka\u017cdy rodzaj przychodu trafi\u0142 do w\u0142a\u015bciwej grupy i stawki?<\/li><li>Czy uj\u0105\u0142e\u015b przys\u0142uguj\u0105ce odliczenia (np. sk\u0142adki na ubezpieczenia spo\u0142eczne)?<\/li><li>Czy nie pomyli\u0142e\u015b formularzy dla skali, liniowego i rycza\u0142tu?<\/li><li>Czy do\u0142\u0105czy\u0142e\u015b wymagane za\u0142\u0105czniki (PIT-28\/A, PIT-28\/B, PIT\/O)?<\/li><li>Czy dane identyfikacyjne i organ podatkowy s\u0105 poprawne?<\/li><\/ul>\n\n\n\n<h2>Najcz\u0119stsze b\u0142\u0119dy i jak ich unikn\u0105\u0107<\/h2>\n\n\n\n<ul><li>Brak zgodno\u015bci mi\u0119dzy ewidencj\u0105 a zeznaniem \u2014 por\u00f3wnaj sumy w ewidencji przychod\u00f3w z danymi w formularzu.<\/li><li>Mylenie \u017ar\u00f3de\u0142 \u2014 nie mieszaj najmu prywatnego z najmem w dzia\u0142alno\u015bci.<\/li><li>Pomini\u0119te odliczenia \u2014 zweryfikuj uprawnienia do odliczenia sk\u0142adek spo\u0142ecznych.<\/li><li>Braki w za\u0142\u0105cznikach \u2014 np. brak PIT-28\/A lub PIT-28\/B skutkuje wezwaniem do uzupe\u0142nienia.<\/li><\/ul>\n\n\n\n<h2>FAQ \u2014 kr\u00f3tkie odpowiedzi<\/h2>\n\n\n\n<p><strong>Czy w PIT-28 wykazuj\u0119 koszty uzyskania przychod\u00f3w?<\/strong><br>Nie. Rycza\u0142t rozlicza si\u0119 od przychodu \u2014 koszt\u00f3w nie wpisujesz.<\/p>\n\n\n\n<p><strong>Czy w PIT-28 odlicz\u0119 sk\u0142adki ZUS?<\/strong><br>Tak, co do zasady sk\u0142adki na ubezpieczenia spo\u0142eczne odlicza si\u0119 od przychodu. Ubezpieczenie zdrowotne rozlicza si\u0119 wed\u0142ug zasad w\u0142a\u015bciwych dla rycza\u0142tu.<\/p>\n\n\n\n<p><strong>Prowadz\u0119 firm\u0119 i mam najem prywatny na rycza\u0142cie \u2014 ile deklaracji sk\u0142adam?<\/strong><br>Sk\u0142adasz jedno zeznanie PIT-28, wykazuj\u0105c wszystkie przychody rycza\u0142towe w odpowiednich grupach, z w\u0142a\u015bciwymi za\u0142\u0105cznikami.<\/p>\n\n\n\n<p><strong>Jestem wsp\u00f3lnikiem sp\u00f3\u0142ki cywilnej \u2014 co z PIT-28?<\/strong><br>Sk\u0142adasz w\u0142asny PIT-28, wykazuj\u0105c przych\u00f3d proporcjonalnie do udzia\u0142u oraz do\u0142\u0105czaj\u0105c PIT-28\/B.<\/p>\n\n\n\n<hr class=\"wp-block-separator\"\/>\n\n\n\n<p>Podsumowanie: poprawne wype\u0142nienie PIT-28 wymaga trzech rzeczy: rzetelnej ewidencji przychod\u00f3w, prawid\u0142owego przypisania do stawek oraz skrupulatnego uj\u0119cia odlicze\u0144 i za\u0142\u0105cznik\u00f3w. Trzymaj porz\u0105dek w dokumentach, nie mieszaj \u017ar\u00f3de\u0142 i dok\u0142adnie opisuj charakter przychod\u00f3w \u2014 z dzia\u0142alno\u015bci gospodarczej i najmu prywatnego. Dzi\u0119ki temu Twoje zeznanie podatkowe b\u0119dzie kompletne, sp\u00f3jne i gotowe do z\u0142o\u017cenia bez stresu.<\/p>\n\n\n\n<p><\/p>\n\n\n\n<p>\u0179r\u00f3d\u0142o zdj\u0119cia: https:\/\/pixabay.com\/pl\/photos\/euro-wydaje-si%C4%99-pieni%C4%85dze-finanse-870757\/<\/p>\n<!-- AddThis Advanced Settings generic via filter on the_content --><!-- AddThis Share Buttons generic via filter on the_content -->","protected":false},"excerpt":{"rendered":"<p>Jak wype\u0142ni\u0107 PIT-28 \u2013 to pytanie, kt\u00f3re zadaje sobie wielu przedsi\u0119biorc\u00f3w rozliczaj\u0105cych rycza\u0142t, a tak\u017ce osoby osi\u0105gaj\u0105ce przychody z najmu prywatnego. Formularz PIT-28 s\u0142u\u017cy do rozliczenia przychod\u00f3w ewidencjonowanych opodatkowanych w formie rycza\u0142tu, dlatego rz\u0105dzi si\u0119 innymi zasadami ni\u017c skala podatkowa czy podatek liniowy. W tym przewodniku wyja\u015bniam kiedy z\u0142o\u017cy\u0107 zeznanie PIT-28, jak przej\u015b\u0107 przez jego [&hellip;]<!-- AddThis Advanced Settings generic via filter on get_the_excerpt --><!-- AddThis Share Buttons generic via filter on get_the_excerpt --><\/p>\n","protected":false},"author":38,"featured_media":64519,"comment_status":"open","ping_status":"closed","sticky":false,"template":"","format":"standard","meta":[],"categories":[2481],"tags":[],"aioseo_notices":[],"_links":{"self":[{"href":"https:\/\/www.gowork.pl\/blog\/wp-json\/wp\/v2\/posts\/64518"}],"collection":[{"href":"https:\/\/www.gowork.pl\/blog\/wp-json\/wp\/v2\/posts"}],"about":[{"href":"https:\/\/www.gowork.pl\/blog\/wp-json\/wp\/v2\/types\/post"}],"author":[{"embeddable":true,"href":"https:\/\/www.gowork.pl\/blog\/wp-json\/wp\/v2\/users\/38"}],"replies":[{"embeddable":true,"href":"https:\/\/www.gowork.pl\/blog\/wp-json\/wp\/v2\/comments?post=64518"}],"version-history":[{"count":1,"href":"https:\/\/www.gowork.pl\/blog\/wp-json\/wp\/v2\/posts\/64518\/revisions"}],"predecessor-version":[{"id":64520,"href":"https:\/\/www.gowork.pl\/blog\/wp-json\/wp\/v2\/posts\/64518\/revisions\/64520"}],"wp:featuredmedia":[{"embeddable":true,"href":"https:\/\/www.gowork.pl\/blog\/wp-json\/wp\/v2\/media\/64519"}],"wp:attachment":[{"href":"https:\/\/www.gowork.pl\/blog\/wp-json\/wp\/v2\/media?parent=64518"}],"wp:term":[{"taxonomy":"category","embeddable":true,"href":"https:\/\/www.gowork.pl\/blog\/wp-json\/wp\/v2\/categories?post=64518"},{"taxonomy":"post_tag","embeddable":true,"href":"https:\/\/www.gowork.pl\/blog\/wp-json\/wp\/v2\/tags?post=64518"}],"curies":[{"name":"wp","href":"https:\/\/api.w.org\/{rel}","templated":true}]}}