{"id":64486,"date":"2025-10-13T11:36:19","date_gmt":"2025-10-13T09:36:19","guid":{"rendered":"https:\/\/www.gowork.pl\/blog\/?p=64486"},"modified":"2025-10-13T11:36:20","modified_gmt":"2025-10-13T09:36:20","slug":"38-zus-skladki-podstawy-ktore-musisz-znac","status":"publish","type":"post","link":"https:\/\/www.gowork.pl\/blog\/38-zus-skladki-podstawy-ktore-musisz-znac\/","title":{"rendered":"ZUS sk\u0142adki: podstawy, kt\u00f3re musisz zna\u0107"},"content":{"rendered":"\n<p>Sk\u0142adki ZUS to temat, kt\u00f3ry regularnie wraca u ka\u017cdego przedsi\u0119biorcy i w ka\u017cdym dziale kadr. Wp\u0142ywaj\u0105 na realne koszty zatrudnienia, poziom bezpiecze\u0144stwa socjalnego oraz wysoko\u015b\u0107 przysz\u0142ych \u015bwiadcze\u0144. Poni\u017cej znajdziesz praktyczne kompendium: od tego, czym dok\u0142adnie s\u0105 sk\u0142adki ZUS, przez spos\u00f3b ich naliczania, po wskaz\u00f3wki, jak uporz\u0105dkowa\u0107 procesy i unikn\u0105\u0107 b\u0142\u0119d\u00f3w. J\u0119zyk pozostaje przyst\u0119pny, ale precyzyjny \u2014 tak, aby\u015b m\u00f3g\u0142 szybko zastosowa\u0107 wiedz\u0119 w swojej firmie.<\/p>\n\n\n\n<h2>Z czego sk\u0142adaj\u0105 si\u0119 sk\u0142adki ZUS i po co si\u0119 je p\u0142aci?<\/h2>\n\n\n\n<p>W polskim systemie ubezpiecze\u0144 publicznych <a href=\"https:\/\/www.gowork.pl\/blog\/35-skladki-na-ubezpieczenie-spoleczne-co-trzeba-wiedziec\/\" title=\"\">sk\u0142adki ZUS <\/a>obejmuj\u0105 kilka filar\u00f3w. Ka\u017cdy z nich pe\u0142ni odmienn\u0105 funkcj\u0119 ochronn\u0105 i finansow\u0105:<\/p>\n\n\n\n<ul><li>Ubezpieczenia spo\u0142eczne:<ul><li>ubezpieczenie emerytalne \u2013 buduje kapita\u0142 na przysz\u0142\u0105 emerytur\u0119;<\/li><li>ubezpieczenie rentowe \u2013 zabezpiecza na wypadek niezdolno\u015bci do pracy lub \u015bmierci \u017cywiciela rodziny;<\/li><li>ubezpieczenie chorobowe \u2013 co do zasady dobrowolne dla przedsi\u0119biorc\u00f3w; daje prawo do zasi\u0142ku chorobowego i macierzy\u0144skiego;<\/li><li>ubezpieczenie wypadkowe \u2013 chroni w razie wypadk\u00f3w przy pracy i chor\u00f3b zawodowych.<\/li><\/ul><\/li><li>Ubezpieczenie zdrowotne \u2013 zapewnia dost\u0119p do \u015bwiadcze\u0144 opieki finansowanych ze \u015brodk\u00f3w publicznych.<\/li><li>Fundusz Pracy i Fundusz Gwarantowanych \u015awiadcze\u0144 Pracowniczych \u2013 finansuj\u0105 m.in. aktywizacj\u0119 zawodow\u0105, zasi\u0142ki dla bezrobotnych oraz wyp\u0142aty w razie niewyp\u0142acalno\u015bci pracodawcy.<\/li><\/ul>\n\n\n\n<p><strong>To, jakie sk\u0142adki na ubezpieczenia spo\u0142eczne i sk\u0142adk\u0119 zdrowotn\u0105 op\u0142acasz, zale\u017cy od tytu\u0142u do ubezpiecze\u0144 (umowa o prac\u0119, dzia\u0142alno\u015b\u0107 gospodarcza, umowa zlecenia) oraz od tego, czy podlegasz obowi\u0105zkowo ubezpieczeniom emerytalnemu i rentowemu, czy wy\u0142\u0105cznie zdrowotnemu.<\/strong><\/p>\n\n\n\n<h2>Kto p\u0142aci sk\u0142adki i kiedy powstaje obowi\u0105zek?<\/h2>\n\n\n\n<p>Obowi\u0105zek op\u0142acania sk\u0142adek ZUS powstaje z chwil\u0105 podj\u0119cia aktywno\u015bci daj\u0105cej tytu\u0142 ubezpieczeniowy. W uproszczeniu:<\/p>\n\n\n\n<ul><li><strong>Pracownicy <\/strong>\u2013 zg\u0142aszani s\u0105 przez pracodawc\u0119; p\u0142atnikiem i rozliczaj\u0105cym jest zak\u0142ad pracy.<\/li><li><strong>Zleceniobiorcy<\/strong> \u2013 co do zasady podlegaj\u0105 ubezpieczeniom spo\u0142ecznym i zdrowotnemu; zakres zale\u017cy od zbiegu tytu\u0142\u00f3w i wysoko\u015bci wynagrodzenia.<\/li><li><strong>Osoby prowadz\u0105ce dzia\u0142alno\u015b\u0107 gospodarcz\u0105 <\/strong>\u2013 same s\u0105 p\u0142atnikami; decyduj\u0105 te\u017c o przyst\u0105pieniu do dobrowolnego ubezpieczenia chorobowego.<\/li><\/ul>\n\n\n\n<p>W firmach terminowo\u015b\u0107 i kompletno\u015b\u0107 przekazywania dokument\u00f3w rozliczeniowych (DRA oraz raport\u00f3w imiennych) jest r\u00f3wnie wa\u017cna jak samo op\u0142acanie sk\u0142adek. Op\u00f3\u017anienia generuj\u0105 odsetki i ryzyko korespondencji wyja\u015bniaj\u0105cej z ZUS.<\/p>\n\n\n\n<h2>Podstawa wymiaru sk\u0142adek: co to jest i od czego zale\u017cy?<\/h2>\n\n\n\n<p>Podstawa wymiaru sk\u0142adek to kwota, od kt\u00f3rej naliczane s\u0105 poszczeg\u00f3lne ubezpieczenia. U pracownik\u00f3w i zleceniobiorc\u00f3w ustala si\u0119 j\u0105 od przychodu. U przedsi\u0119biorc\u00f3w stosuje si\u0119 przepisy dedykowane dzia\u0142alno\u015bci gospodarczej. Znaczenie maj\u0105 m.in.:<\/p>\n\n\n\n<ul><li><a href=\"https:\/\/www.gowork.pl\/poradnik\/17\/wiadomosci\/minimalne-wynagrodzenie-w-2022-roku-ustalone-ile-wyniesie\/\" title=\"\">poziom minimalnego wynagrodzenia<\/a> (niekt\u00f3re sk\u0142adniki s\u0105 z nim powi\u0105zane),<\/li><li>przeci\u0119tne wynagrodzenie miesi\u0119czne (od niego zale\u017c\u0105 wybrane limity i progi),<\/li><li>status na starcie dzia\u0142alno\u015bci \u2013 tzw. preferencyjne sk\u0142adki ZUS (dla nowych firm) oraz inne rozwi\u0105zania obni\u017caj\u0105ce obci\u0105\u017cenia w okre\u015blonych okresach,<\/li><li>wybrana forma opodatkowania (wp\u0142ywa g\u0142\u00f3wnie na ubezpieczenie zdrowotne; na rycza\u0142cie liczy si\u0119 je inaczej ni\u017c na skali czy w podatku liniowym).<\/li><\/ul>\n\n\n\n<p>Pami\u0119taj: podstaw\u0119 wymiaru sk\u0142adek mo\u017cna powi\u0119ksza\u0107 o udokumentowane elementy przychodu, takie jak dodatki czy premie. U przedsi\u0119biorc\u00f3w do podstawy dla ubezpiecze\u0144 spo\u0142ecznych nie wlicza si\u0119 natomiast sk\u0142adki zdrowotnej.<\/p>\n\n\n\n<h2>Sk\u0142adka zdrowotna u przedsi\u0119biorcy: forma opodatkowania a rozliczenie<\/h2>\n\n\n\n<p>U prowadz\u0105cych firmy najwi\u0119cej pyta\u0144 dotyczy zdrowotnego. Kluczowe kwestie:<\/p>\n\n\n\n<ul><li><strong>Skala podatkowa i podatek liniowy <\/strong>\u2013 zasady ustalania podstawy r\u00f3\u017cni\u0105 si\u0119 mi\u0119dzy formami.<\/li><li><strong>Rycza\u0142t od przychod\u00f3w ewidencjonowanych<\/strong> \u2013 sk\u0142adk\u0119 zdrowotn\u0105 oblicza si\u0119 progowo w relacji do osi\u0105gni\u0119tego przychodu; innymi s\u0142owy wysoko\u015b\u0107 sk\u0142adki zdrowotnej jest powi\u0105zana z pu\u0142apami przychod\u00f3w.<\/li><li><strong>Karta podatkowa (tam, gdzie nadal stosowana) <\/strong>\u2013 obowi\u0105zuj\u0105 odr\u0119bne regu\u0142y.<\/li><\/ul>\n\n\n\n<p>Za ka\u017cdym razem zwracaj uwag\u0119 na aktualne brzmienie przepis\u00f3w i komunikaty ZUS. Unikaj automatycznego przenoszenia kwot z poprzednich lat \u2014 wysoko\u015b\u0107 sk\u0142adek ZUS i zasady ich obliczania potrafi\u0105 zmienia\u0107 si\u0119 cz\u0119\u015bciej, ni\u017c si\u0119 wydaje.<\/p>\n\n\n\n<h2>Sk\u0142adki preferencyjne a obowi\u0105zki pozosta\u0142ych p\u0142atnik\u00f3w sk\u0142adek \u2013 co naprawd\u0119 musisz policzy\u0107?<\/h2>\n\n\n\n<p>Sk\u0142adki preferencyjne kusz\u0105 ni\u017cszymi obci\u0105\u017ceniami na starcie dzia\u0142alno\u015bci, ale nie zwalniaj\u0105 z rzetelnego rozliczania wszystkich tytu\u0142\u00f3w ubezpieczeniowych. Przedsi\u0119biorca korzystaj\u0105cy z <a href=\"https:\/\/www.gowork.pl\/poradnik\/4\/zarobki\/ulga-na-dziecko-jaki-zwrot-podatku-mozna-dostac\/\" title=\"\">ulgi<\/a> nadal wykazuje i op\u0142aca: emerytalne, rentowe, wypadkowe oraz zdrowotne, a chorobowe mo\u017ce op\u0142aca\u0107 dobrowolnie. R\u00f3wnolegle w firmie mog\u0105 pojawia\u0107 si\u0119 inne osoby \u2013 zleceniobiorcy, praktykanci czy wsp\u00f3\u0142pracownicy B2B \u2013 kt\u00f3re w systemie ZUS funkcjonuj\u0105 jako pozostali p\u0142atnicy sk\u0142adek (w uj\u0119ciu ca\u0142ego systemu). Dla Ciebie oznacza to konieczno\u015b\u0107 prawid\u0142owego ustalenia tytu\u0142u do ubezpiecze\u0144 ka\u017cdej osoby oraz sprawdzenia, czy nie wyst\u0119puje zbieg tytu\u0142\u00f3w.<\/p>\n\n\n\n<p><strong>Najcz\u0119stsze b\u0142\u0119dy w praktyce to: nieprawid\u0142owe przypisanie kodu ubezpieczenia, nieuwzgl\u0119dnienie minimalnych prog\u00f3w przy umowach zlecenia oraz mylenie podstawy sk\u0142adek spo\u0142ecznych i zdrowotnej. <\/strong>Dobra praktyka to checklista przed wysy\u0142k\u0105 deklaracji:<\/p>\n\n\n\n<ul><li>czy rozpozna\u0142e\u015b w\u0142a\u015bciwy tytu\u0142 ubezpieczeniowy dla ka\u017cdej osoby,<\/li><li>czy ustali\u0142e\u015b aktualn\u0105 podstaw\u0119 wymiaru i czy nie wymaga korekty,<\/li><li>czy raporty miesi\u0119czne sp\u00f3jnie prezentuj\u0105 ulgi, zbiegi i okresy podlegania ubezpieczeniom.<\/li><\/ul>\n\n\n\n<p>Pami\u0119taj, \u017ce nawet przy preferencjach obowi\u0105zuje Ci\u0119 terminowo\u015b\u0107 i kompletno\u015b\u0107 dokumentacji. Je\u017celi w danym miesi\u0105cu nast\u0105pi\u0142a zmiana (np. przej\u015bcie z ulgi na pe\u0142ny ZUS), deklaracje musz\u0105 odzwierciedla\u0107 now\u0105 sytuacj\u0119 od pierwszego dnia, kt\u00f3rego dotyczy modyfikacja. <strong>Warto te\u017c wdro\u017cy\u0107 polityk\u0119 komunikacji z podwykonawcami \u2013 kr\u00f3tkie o\u015bwiadczenia o innych tytu\u0142ach do ubezpiecze\u0144 ograniczaj\u0105 ryzyko b\u0142\u0119d\u00f3w.<\/strong> Dobrze skonfigurowany system kadrowo-p\u0142acowy przypilnuje dat i kod\u00f3w, ale to Ty odpowiadasz za poprawno\u015b\u0107 danych wej\u015bciowych. Im wcze\u015bniej wy\u0142apiesz niesp\u00f3jno\u015bci, tym mniejsze ryzyko korekt i zaleg\u0142o\u015bci.<\/p>\n\n\n\n<hr class=\"wp-block-separator\"\/>\n\n\n\n<h2>Sk\u0142adka zdrowotna przedsi\u0119biorcy a formy opodatkowania: kiedy \u201ewynosz\u0105 sk\u0142adki ZUS\u201d naprawd\u0119 najwi\u0119cej?<\/h2>\n\n\n\n<p>To, ile realnie wynosz\u0105 sk\u0142adki ZUS, w najwi\u0119kszym stopniu odczujesz przy sk\u0142adce zdrowotnej. Sk\u0142adka zdrowotna przedsi\u0119biorcy zale\u017cy od formy opodatkowania i zasad ustalania podstawy \u2013 inne regu\u0142y obowi\u0105zuj\u0105 na skali podatkowej, inne w podatku liniowym, a jeszcze inne w formie karty podatkowej (tam, gdzie wci\u0105\u017c ma zastosowanie) czy na rycza\u0142cie. <strong>W modelach przychodowych progi i powi\u0105zanie z przeci\u0119tnym wynagrodzeniem potrafi\u0105 zauwa\u017calnie zmienia\u0107 obci\u0105\u017cenia z miesi\u0105ca na miesi\u0105c.<\/strong> Z tego powodu planowanie p\u0142ynno\u015bci wy\u0142\u0105cznie wed\u0142ug ubieg\u0142orocznych kwot bywa obarczone ryzykiem.<\/p>\n\n\n\n<p>Zwracaj uwag\u0119 na:<\/p>\n\n\n\n<ul><li><strong>spos\u00f3b ustalania podstawy<\/strong> \u2013 czy liczysz od dochodu (po kosztach), czy od przychodu (progi),<\/li><li><strong>okresy rozliczeniowe<\/strong> \u2013 na rycza\u0142cie weryfikacja progu wymaga monitorowania narastaj\u0105co,<\/li><li><strong>korekty<\/strong> \u2013 zmiana formy opodatkowania w trakcie roku powoduje przej\u015bciowe komplikacje i nierzadko wymaga dodatkowych wyja\u015bnie\u0144 w dokumentach.<\/li><\/ul>\n\n\n\n<p>Drugim istotnym elementem jest sk\u0142adka rentowa oraz wypadkowa. Dla ubezpiecze\u0144 spo\u0142ecznych stosujesz odpowiednie stopy, a procent podstawy wymiaru mo\u017ce si\u0119 r\u00f3\u017cni\u0107 (np. wypadkowe bywa zale\u017cne od profilu ryzyka lub liczby ubezpieczonych). Je\u015bli Tw\u00f3j profil ryzyka si\u0119 zmieni\u0142 (np. wzrost zatrudnienia, inny dominuj\u0105cy PKD), sprawd\u017a, czy parametry nie wymagaj\u0105 aktualizacji. Dopiero zestawienie: emerytalne, rentowe, wypadkowe (ewentualnie chorobowe) + zdrowotne pokazuje rzeczywist\u0105 miesi\u0119czn\u0105 \u201erat\u0119\u201d ZUS. Regularne przegl\u0105dy ustawie\u0144 w systemie i proste kalkulacje scenariuszowe (np. przy podwy\u017cce wynagrodze\u0144 lub zmianie progu przychod\u00f3w) pozwalaj\u0105 unikn\u0105\u0107 nieprzyjemnych zaskocze\u0144 w po\u0142owie roku.<\/p>\n\n\n\n<hr class=\"wp-block-separator\"\/>\n\n\n\n<h2>Sk\u0142adniki szczeg\u00f3lne: Fundusz Emerytur Pomostowych, procent podstawy wymiaru i porz\u0105dek w harmonogramie<\/h2>\n\n\n\n<p>W wielu firmach poza klasycznym pakietem ubezpiecze\u0144 pojawiaj\u0105 si\u0119 sk\u0142adniki dodatkowe, o kt\u00f3rych \u0142atwo zapomnie\u0107. Przyk\u0142adem jest Fundusz Emerytur Pomostowych \u2013 dotyczy bran\u017c i stanowisk o szczeg\u00f3lnych warunkach lub charakterze pracy, gdzie wyst\u0119puj\u0105 czynniki zwi\u0119kszonego ryzyka. Je\u017celi w Twojej organizacji s\u0105 takie stanowiska, przygotuj matryc\u0119 kwalifikacji i wsp\u00f3\u0142pracuj z <a href=\"https:\/\/www.gowork.pl\/poradnik\/prawo-pracy\/bhp-czy-wiesz-jakie-sa-jego-podstawowe-zasady-w-miejscu-pracy\/\" title=\"\">BHP<\/a> przy okresowej weryfikacji listy os\u00f3b obj\u0119tych obowi\u0105zkiem. Brak odprowadzania FEP, mimo spe\u0142nienia kryteri\u00f3w, to prosta droga do zaleg\u0142o\u015bci i odsetek.<\/p>\n\n\n\n<p>W cz\u0119\u015bci \u201espo\u0142ecznej\u201d pami\u0119taj, \u017ce stawki wyra\u017cone s\u0105 jako procent podstawy wymiaru. Z pozoru proste r\u00f3wnanie komplikuje si\u0119, gdy w strukturze wynagrodze\u0144 pojawiaj\u0105 si\u0119: premie, dodatki nocne, nadgodziny, \u015bwiadczenia pozap\u0142acowe. <strong>Ka\u017cd\u0105 sk\u0142adow\u0105 trzeba sklasyfikowa\u0107 zgodnie z przepisami \u2013 czy wchodzi do podstawy sk\u0142adek spo\u0142ecznych, tylko zdrowotnej, czy jest wy\u0142\u0105czona.<\/strong> Uporz\u0105dkuj to w instrukcji p\u0142acowej (wewn\u0119trznym regulaminie), aby dzia\u0142 kadr mia\u0142 jasn\u0105 list\u0119 regu\u0142.<\/p>\n\n\n\n<p>W przypadku jednoosobowych dzia\u0142alno\u015bci gospodarczych logika jest inna, ale porz\u0105dek r\u00f3wnie\u017c ma znaczenie: je\u015bli korzystasz z ulgi na start, \u201ema\u0142ego ZUS\u201d albo zmieniasz form\u0119 opodatkowania, zaplanuj o\u015b czasu z datami przej\u015b\u0107 i ko\u0144cami okres\u00f3w ulgowych. <strong>Dzi\u0119ki temu bez trudu wyja\u015bnisz, dlaczego w danym miesi\u0105cu takie, a nie inne wynosz\u0105 sk\u0142adki ZUS. Dobrym nawykiem jest tak\u017ce kwartalny przegl\u0105d parametr\u00f3w (stawki, sk\u0142adka rentowa, wypadkowa, zdrowotna) oraz automatyczne alerty w systemie, kt\u00f3re przypomn\u0105 o korektach i rocznych weryfikacjach.<\/strong> W efekcie nawet rozbudowany pakiet \u2013 z FEP, dodatkami i zmianami podstaw \u2013 pozostanie pod kontrol\u0105, a Ty unikniesz czasoch\u0142onnych korekt \u201ewstecz\u201d.<\/p>\n\n\n\n<h2>Preferencje i \u201eni\u017csze sk\u0142adki\u201d: kiedy mo\u017cna z nich skorzysta\u0107?<\/h2>\n\n\n\n<p>Przedsi\u0119biorcy rozpoczynaj\u0105cy dzia\u0142alno\u015b\u0107 cz\u0119sto mog\u0105 skorzysta\u0107 z preferencyjnych sk\u0142adek ZUS (tzw. \u201ema\u0142y ZUS\u201d w okresach przewidzianych przepisami). Najwa\u017cniejsze zasady:<\/p>\n\n\n\n<ul><li>Preferencje dotycz\u0105 ubezpiecze\u0144 spo\u0142ecznych; zdrowotne op\u0142aca si\u0119 na zasadach og\u00f3lnych.<\/li><li>Nie ka\u017cdy ma prawo do ulgi \u2014 wy\u0142\u0105czenia obejmuj\u0105 <a target=\"_blank\" rel=\"noreferrer noopener\" href=\"http:\/\/m.in\">m.in<\/a>. kontynuowanie tej samej dzia\u0142alno\u015bci na rzecz by\u0142ego pracodawcy.<\/li><li>Po zako\u0144czeniu okresu preferencji nast\u0119puje przej\u015bcie na standardow\u0105 podstaw\u0119, co zwykle oznacza wzrost miesi\u0119cznych obci\u0105\u017ce\u0144.<\/li><\/ul>\n\n\n\n<p>Warto wcze\u015bniej przygotowa\u0107 bud\u017cet i harmonogram, aby przej\u015bcie z \u201eni\u017cszych sk\u0142adek\u201d na pe\u0142ne nie zaskoczy\u0142o p\u0142ynno\u015bci finansowej.<\/p>\n\n\n\n<h2>ZUS a formy zatrudnienia: praktyczne r\u00f3\u017cnice<\/h2>\n\n\n\n<p>R\u00f3\u017cna konstrukcja um\u00f3w niesie r\u00f3\u017cne konsekwencje:<\/p>\n\n\n\n<ul><li><strong><a href=\"https:\/\/www.gowork.pl\/poradnik\/zarobki\/umowa-o-prace\/\" title=\"\">Umowa o prac\u0119<\/a> <\/strong>\u2013 najszerszy pakiet ubezpiecze\u0144 spo\u0142ecznych i zdrowotnego; najsilniejszy parasol ochronny dla pracownika.<\/li><li><strong>Umowa zlecenie <\/strong>\u2013 zakres zale\u017cy od zbiegu tytu\u0142\u00f3w i kwoty wynagrodzenia; zdarza si\u0119, \u017ce podlega wy\u0142\u0105cznie zdrowotnemu, ale przy braku innego tytu\u0142u zwykle powstaje pe\u0142ny obowi\u0105zek spo\u0142eczny.<\/li><li><strong>Dzia\u0142alno\u015b\u0107 gospodarcza<\/strong> \u2013 samodzielne rozliczanie, mo\u017cliwo\u015b\u0107 przyst\u0105pienia do dobrowolnego ubezpieczenia chorobowego oraz odmienny spos\u00f3b liczenia zdrowotnego.<\/li><\/ul>\n\n\n\n<p>Je\u017celi rozliczasz przychody ewidencjonowane, pami\u0119taj, \u017ce wysoko\u015b\u0107 sk\u0142adki zdrowotnej i spos\u00f3b jej uj\u0119cia w ksi\u0119gach r\u00f3\u017cni\u0105 si\u0119 od zasad og\u00f3lnych \u2014 zrewiduj ustawienia w systemie ksi\u0119gowym i pilnuj aktualnych prog\u00f3w.<\/p>\n\n\n\n<h2>Checklista kadrowo-p\u0142acowa: co robi\u0107, aby wszystko \u201egra\u0142o\u201d co miesi\u0105c<\/h2>\n\n\n\n<ul><li>Sprawdzaj, czy ka\u017cdy pracownik lub zleceniobiorca ma prawid\u0142owo przypisany tytu\u0142 do ubezpiecze\u0144 (zbiegi tytu\u0142\u00f3w potrafi\u0105 zaskoczy\u0107).<\/li><li>W systemie kadrowym aktualizuj podstaw\u0119 wymiaru sk\u0142adek po ka\u017cdej zmianie p\u0142acowej, przyznaniu dodatk\u00f3w lub premii.<\/li><li>Kontroluj terminy op\u0142acania sk\u0142adek i przekazywania dokument\u00f3w rozliczeniowych \u2014 op\u00f3\u017anienia to odsetki i ryzyko wezwa\u0144.<\/li><li>Ustal, kiedy zaczynaj\u0105 si\u0119 i ko\u0144cz\u0105 preferencje \u2014 ustaw przypomnienia, by nie przegapi\u0107 \u201eprzeskoku\u201d na pe\u0142ne stawki.<\/li><li>Weryfikuj, czy prawid\u0142owo naliczasz <a href=\"https:\/\/www.gowork.pl\/poradnik\/prawo-pracy\/fundusz-pracy-czym-jest-ile-wynosi-skladka-kto-ja-oplaca-najwazniejsze-informacje\/\" title=\"\">Fundusz Pracy i Fundusz Gwarantowanych \u015awiadcze\u0144 Pracowniczych<\/a> \u2014 obowi\u0105zek zale\u017cy <a target=\"_blank\" rel=\"noreferrer noopener\" href=\"http:\/\/m.in\">m.in<\/a>. od wysoko\u015bci wynagrodzenia i statusu ubezpieczonego.<\/li><li>Je\u015bli zmieniasz zakres wykonywanej dzia\u0142alno\u015bci gospodarczej, sprawd\u017a wp\u0142yw na wypadkowe i inne parametry ubezpiecze\u0144.<\/li><\/ul>\n\n\n\n<h2>Cz\u0119ste b\u0142\u0119dy i jak ich unika\u0107<\/h2>\n\n\n\n<p><strong>Najcz\u0119\u015bciej spotykane potkni\u0119cia to: zbyt niska lub zawy\u017cona podstawa wymiaru sk\u0142adek, b\u0142\u0119dne ustawienia sk\u0142adki zdrowotnej po zmianie formy opodatkowania, nieuwzgl\u0119dnienie zbiegu tytu\u0142\u00f3w u zleceniobiorc\u00f3w oraz pomy\u0142ki w kodach tytu\u0142\u00f3w ubezpieczenia.<\/strong> Zadbaj o:<\/p>\n\n\n\n<ul><li>aktualizacj\u0119 oprogramowania kadrowo-p\u0142acowego i konfiguracji formularzy,<\/li><li>szkolenia podstawowe dla os\u00f3b wprowadzaj\u0105cych dane,<\/li><li>kwartalny audyt list p\u0142ac i deklaracji.<\/li><\/ul>\n\n\n\n<h2>Q&amp;A: odpowiedzi na najcz\u0119stsze pytania<\/h2>\n\n\n\n<p><strong>Czy sk\u0142adki ZUS s\u0105 takie same jak w ubieg\u0142ym roku?<\/strong><br>Nie zak\u0142adaj tego. Wiele parametr\u00f3w jest zmiennych (np. minima p\u0142acowe, wska\u017aniki). Zawsze weryfikuj bie\u017c\u0105ce zasady przed pierwsz\u0105 wyp\u0142at\u0105 w nowym roku.<\/p>\n\n\n\n<p><strong>Czy mog\u0119 p\u0142aci\u0107 tylko zdrowotne, bez spo\u0142ecznych?<\/strong><br>To zale\u017cy od tytu\u0142u do ubezpiecze\u0144. Przedsi\u0119biorca co do zasady podlega ubezpieczeniom spo\u0142ecznym (z opcj\u0105 chorobowego dobrowolnego) oraz zdrowotnemu, chyba \u017ce przepisy przewiduj\u0105 inaczej przy konkretnych zbiegach.<\/p>\n\n\n\n<p><strong>Czy \u201eni\u017csze sk\u0142adki\u201d zmniejsz\u0105 moj\u0105 przysz\u0142\u0105 emerytur\u0119?<\/strong><br>Ni\u017csza podstawa ubezpiecze\u0144 spo\u0142ecznych zwykle oznacza ni\u017cszy zapis na koncie emerytalnym. Ulgi pomagaj\u0105 w utrzymaniu p\u0142ynno\u015bci, ale warto \u015bwiadomie planowa\u0107 d\u0142ugofalowe skutki.<\/p>\n\n\n\n<hr class=\"wp-block-separator\"\/>\n\n\n\n<p>Podsumowanie: opanowanie podstaw ZUS to nie tylko obowi\u0105zek administracyjny, lecz tak\u017ce realna d\u017awignia bezpiecze\u0144stwa i koszt\u00f3w. Je\u015bli wdro\u017cysz jasne procedury, zweryfikujesz ustawienia systemu i b\u0119dziesz regularnie \u015bledzi\u0107 zmiany, sk\u0142adki ZUS przestan\u0105 by\u0107 \u017ar\u00f3d\u0142em stresu, a stan\u0105 si\u0119 przewidywalnym elementem Twojego biznesu.<\/p>\n\n\n\n<p><\/p>\n\n\n\n<p>\u0179r\u00f3d\u0142o zdj\u0119\u0119cia: <\/p>\n<!-- AddThis Advanced Settings generic via filter on the_content --><!-- AddThis Share Buttons generic via filter on the_content -->","protected":false},"excerpt":{"rendered":"<p>Sk\u0142adki ZUS to temat, kt\u00f3ry regularnie wraca u ka\u017cdego przedsi\u0119biorcy i w ka\u017cdym dziale kadr. Wp\u0142ywaj\u0105 na realne koszty zatrudnienia, poziom bezpiecze\u0144stwa socjalnego oraz wysoko\u015b\u0107 przysz\u0142ych \u015bwiadcze\u0144. Poni\u017cej znajdziesz praktyczne kompendium: od tego, czym dok\u0142adnie s\u0105 sk\u0142adki ZUS, przez spos\u00f3b ich naliczania, po wskaz\u00f3wki, jak uporz\u0105dkowa\u0107 procesy i unikn\u0105\u0107 b\u0142\u0119d\u00f3w. J\u0119zyk pozostaje przyst\u0119pny, ale precyzyjny [&hellip;]<!-- AddThis Advanced Settings generic via filter on get_the_excerpt --><!-- AddThis Share Buttons generic via filter on get_the_excerpt --><\/p>\n","protected":false},"author":38,"featured_media":64487,"comment_status":"open","ping_status":"closed","sticky":false,"template":"","format":"standard","meta":[],"categories":[3719],"tags":[],"aioseo_notices":[],"_links":{"self":[{"href":"https:\/\/www.gowork.pl\/blog\/wp-json\/wp\/v2\/posts\/64486"}],"collection":[{"href":"https:\/\/www.gowork.pl\/blog\/wp-json\/wp\/v2\/posts"}],"about":[{"href":"https:\/\/www.gowork.pl\/blog\/wp-json\/wp\/v2\/types\/post"}],"author":[{"embeddable":true,"href":"https:\/\/www.gowork.pl\/blog\/wp-json\/wp\/v2\/users\/38"}],"replies":[{"embeddable":true,"href":"https:\/\/www.gowork.pl\/blog\/wp-json\/wp\/v2\/comments?post=64486"}],"version-history":[{"count":1,"href":"https:\/\/www.gowork.pl\/blog\/wp-json\/wp\/v2\/posts\/64486\/revisions"}],"predecessor-version":[{"id":64488,"href":"https:\/\/www.gowork.pl\/blog\/wp-json\/wp\/v2\/posts\/64486\/revisions\/64488"}],"wp:featuredmedia":[{"embeddable":true,"href":"https:\/\/www.gowork.pl\/blog\/wp-json\/wp\/v2\/media\/64487"}],"wp:attachment":[{"href":"https:\/\/www.gowork.pl\/blog\/wp-json\/wp\/v2\/media?parent=64486"}],"wp:term":[{"taxonomy":"category","embeddable":true,"href":"https:\/\/www.gowork.pl\/blog\/wp-json\/wp\/v2\/categories?post=64486"},{"taxonomy":"post_tag","embeddable":true,"href":"https:\/\/www.gowork.pl\/blog\/wp-json\/wp\/v2\/tags?post=64486"}],"curies":[{"name":"wp","href":"https:\/\/api.w.org\/{rel}","templated":true}]}}