{"id":64452,"date":"2025-10-09T16:19:12","date_gmt":"2025-10-09T14:19:12","guid":{"rendered":"https:\/\/www.gowork.pl\/blog\/?p=64452"},"modified":"2025-10-09T16:19:13","modified_gmt":"2025-10-09T14:19:13","slug":"35-carrefour-w-polskich-rekach-marek-sawicki-chce-oddac-siec-rolnikom","status":"publish","type":"post","link":"https:\/\/www.gowork.pl\/blog\/35-carrefour-w-polskich-rekach-marek-sawicki-chce-oddac-siec-rolnikom\/","title":{"rendered":"Carrefour w polskich r\u0119kach? Marek Sawicki chce odda\u0107 sie\u0107 rolnikom"},"content":{"rendered":"\n<p><strong>Pomys\u0142, kt\u00f3ry jeszcze kilka lat temu brzmia\u0142by jak polityczna fantazja, dzi\u015b wywo\u0142uje powa\u017cn\u0105 dyskusj\u0119. Marek Sawicki zaproponowa\u0142, by Krajowa Grupa Spo\u017cywcza przej\u0119\u0142a polskie aktywa Carrefoura, a nast\u0119pnie otworzy\u0142a mo\u017cliwo\u015b\u0107 wykupu akcji dla rolnik\u00f3w. Pomys\u0142 prosty w za\u0142o\u017ceniu, lecz wymagaj\u0105cy odwagi \u2013 i kapita\u0142u.<\/strong><\/p>\n\n\n\n<h2>Carrefour na sprzeda\u017c \u2013 Francuzi rozwa\u017caj\u0105 wycofanie z Polski<\/h2>\n\n\n\n<p>Francuski portal LSA ujawni\u0142, \u017ce <a href=\"https:\/\/www.gowork.pl\/blog\/39-carrefour-polska-zmienia-strategie-prace-straci-prawie-200-osob\/\">grupa Carrefour<\/a> zleci\u0142a jednemu z bank\u00f3w sprawdzenie potencjalnych mo\u017cliwo\u015bci sprzeda\u017cy swoich aktyw\u00f3w w Polsce i Argentynie. Decyzja ma wynika\u0107 z <strong>braku oczekiwanych zysk\u00f3w na konkurencyjnym rynku zdominowanym przez dyskonty<\/strong>, co \u2013 jak przypomnieli eksperci cytowani przez LSA \u2013 od lat ci\u0105\u017cy francuskiemu gigantowi. Z kolei dziennik \u201eLes Echos\u201d odnotowa\u0142, \u017ce prezes Alexandr Bompard zapowiedzia\u0142 \u201estrategiczny przegl\u0105d aktyw\u00f3w\u201d i nie wykluczy\u0142 sprzeda\u017cy cz\u0119\u015bci dzia\u0142alno\u015bci tak\u017ce w Belgii.<\/p>\n\n\n\n<p>Carrefour obecny jest w Polsce od 1997 roku. Sie\u0107 obejmuje <strong>oko\u0142o 800 sklep\u00f3w w r\u00f3\u017cnych formatach<\/strong> i zarz\u0105dza blisko <strong>40 centrami handlowymi<\/strong>. Mimo skali dzia\u0142alno\u015bci, firma nie zdo\u0142a\u0142a zbudowa\u0107 trwa\u0142ej przewagi nad dyskontami \u2013 tymi samymi, kt\u00f3re dzi\u015b definiuj\u0105 polski handel detaliczny.<\/p>\n\n\n\n<h2>Sawicki: rolnicy powinni by\u0107 wsp\u00f3\u0142w\u0142a\u015bcicielami<\/h2>\n\n\n\n<p>W rozmowie z Radiem ZET Marek Sawicki przedstawi\u0142 w\u0142asny pomys\u0142 na rozwi\u0105zanie francuskiego dylematu. \u2013 <strong>Warto dokapitalizowa\u0107 Krajow\u0105 Grup\u0119 Spo\u017cywcz\u0105, \u017ceby kupi\u0142a Carrefour\u2019a. Warto te\u017c uruchomi\u0107 sprzeda\u017c akcji dla rolnik\u00f3w, by stali si\u0119 wsp\u00f3\u0142w\u0142a\u015bcicielami tej du\u017cej sieci handlowej<\/strong> \u2013 stwierdzi\u0142 marsza\u0142ek senior. Pomys\u0142, kt\u00f3ry \u0142\u0105czy pa\u0144stwowy kapita\u0142 z obywatelskim udzia\u0142em, mo\u017ce przyci\u0105gn\u0105\u0107 uwag\u0119 nie tylko rolnik\u00f3w, lecz tak\u017ce zwolennik\u00f3w gospodarki opartej na <a href=\"https:\/\/www.gowork.pl\/blog\/42-kapital-pracujacy-co-to-dlaczego-warto-znac-jego-wartosc\/\">lokalnym kapitale<\/a>.<\/p>\n\n\n\n<p>Sawicki przyzna\u0142, \u017ce informowa\u0142 ju\u017c o tym zar\u00f3wno prezesa Krajowej Grupy Spo\u017cywczej, jak i ministra Balczuna. Zwr\u00f3ci\u0142 uwag\u0119, \u017ce przej\u0119cie tak du\u017cej sieci mog\u0142oby <strong>wzmocni\u0107 pozycj\u0119 polskiego sektora rolno-spo\u017cywczego<\/strong> i ograniczy\u0107 uzale\u017cnienie od zagranicznych sieci handlowych. To ruch odwa\u017cny, ale te\u017c symboliczny \u2013 w ko\u0144cu trudno o bardziej wymowny gest ni\u017c sytuacja, w kt\u00f3rej rolnicy, dot\u0105d dostarczaj\u0105cy produkty na p\u00f3\u0142ki Carrefoura, staj\u0105 si\u0119 jego wsp\u00f3\u0142w\u0142a\u015bcicielami.<\/p>\n\n\n\n<h2>Rynek, polityka i emocje<\/h2>\n\n\n\n<p>Pomys\u0142 Sawickiego rodzi pytania o sens ekonomiczny, ale i o symbolik\u0119 gospodarcz\u0105. Z jednej strony \u2013 Krajowa Grupa Spo\u017cywcza dopiero buduje swoj\u0105 pozycj\u0119, a zakup tak du\u017cej sieci wymaga\u0142by <strong>pot\u0119\u017cnego zastrzyku kapita\u0142u<\/strong>. Z drugiej \u2013 to wizja, kt\u00f3ra mog\u0142aby przywr\u00f3ci\u0107 polskim producentom wp\u0142yw na dystrybucj\u0119 ich w\u0142asnych towar\u00f3w.<\/p>\n\n\n\n<p>Nie spos\u00f3b jednak nie dostrzec w tej koncepcji elementu emocji \u2013 pewnego rodzaju rewan\u017cu za lata, gdy o polskim rynku detalicznym decydowa\u0142y mi\u0119dzynarodowe korporacje. Sawicki przypomina wi\u0119c, \u017ce <strong>pa\u0144stwo mo\u017ce by\u0107 graczem, a nie tylko widzem<\/strong>. I cho\u0107 dzi\u015b to wci\u0105\u017c pomys\u0142 polityczny, jego echo z pewno\u015bci\u0105 dotrze tam, gdzie decyzje o sprzeda\u017cy Carrefoura ju\u017c zapad\u0142y \u2013 w paryskich gabinetach.<\/p>\n\n\n\n<p><em>\u0179r\u00f3d\u0142o: wiadomosci.onet.pl<\/em><\/p>\n<!-- AddThis Advanced Settings generic via filter on the_content --><!-- AddThis Share Buttons generic via filter on the_content -->","protected":false},"excerpt":{"rendered":"<p>Pomys\u0142, kt\u00f3ry jeszcze kilka lat temu brzmia\u0142by jak polityczna fantazja, dzi\u015b wywo\u0142uje powa\u017cn\u0105 dyskusj\u0119. Marek Sawicki zaproponowa\u0142, by Krajowa Grupa Spo\u017cywcza przej\u0119\u0142a polskie aktywa Carrefoura, a nast\u0119pnie otworzy\u0142a mo\u017cliwo\u015b\u0107 wykupu akcji dla rolnik\u00f3w. Pomys\u0142 prosty w za\u0142o\u017ceniu, lecz wymagaj\u0105cy odwagi \u2013 i kapita\u0142u. Carrefour na sprzeda\u017c \u2013 Francuzi rozwa\u017caj\u0105 wycofanie z Polski Francuski portal LSA [&hellip;]<!-- AddThis Advanced Settings generic via filter on get_the_excerpt --><!-- AddThis Share Buttons generic via filter on get_the_excerpt --><\/p>\n","protected":false},"author":35,"featured_media":64456,"comment_status":"open","ping_status":"closed","sticky":false,"template":"","format":"standard","meta":[],"categories":[2487],"tags":[],"aioseo_notices":[],"_links":{"self":[{"href":"https:\/\/www.gowork.pl\/blog\/wp-json\/wp\/v2\/posts\/64452"}],"collection":[{"href":"https:\/\/www.gowork.pl\/blog\/wp-json\/wp\/v2\/posts"}],"about":[{"href":"https:\/\/www.gowork.pl\/blog\/wp-json\/wp\/v2\/types\/post"}],"author":[{"embeddable":true,"href":"https:\/\/www.gowork.pl\/blog\/wp-json\/wp\/v2\/users\/35"}],"replies":[{"embeddable":true,"href":"https:\/\/www.gowork.pl\/blog\/wp-json\/wp\/v2\/comments?post=64452"}],"version-history":[{"count":1,"href":"https:\/\/www.gowork.pl\/blog\/wp-json\/wp\/v2\/posts\/64452\/revisions"}],"predecessor-version":[{"id":64457,"href":"https:\/\/www.gowork.pl\/blog\/wp-json\/wp\/v2\/posts\/64452\/revisions\/64457"}],"wp:featuredmedia":[{"embeddable":true,"href":"https:\/\/www.gowork.pl\/blog\/wp-json\/wp\/v2\/media\/64456"}],"wp:attachment":[{"href":"https:\/\/www.gowork.pl\/blog\/wp-json\/wp\/v2\/media?parent=64452"}],"wp:term":[{"taxonomy":"category","embeddable":true,"href":"https:\/\/www.gowork.pl\/blog\/wp-json\/wp\/v2\/categories?post=64452"},{"taxonomy":"post_tag","embeddable":true,"href":"https:\/\/www.gowork.pl\/blog\/wp-json\/wp\/v2\/tags?post=64452"}],"curies":[{"name":"wp","href":"https:\/\/api.w.org\/{rel}","templated":true}]}}