{"id":60459,"date":"2025-04-23T13:31:33","date_gmt":"2025-04-23T11:31:33","guid":{"rendered":"https:\/\/www.gowork.pl\/blog\/?p=60459"},"modified":"2025-04-23T13:31:35","modified_gmt":"2025-04-23T11:31:35","slug":"38-kto-poprowadzi-kosciol-w-erze-sztucznej-inteligencji","status":"publish","type":"post","link":"https:\/\/www.gowork.pl\/blog\/38-kto-poprowadzi-kosciol-w-erze-sztucznej-inteligencji\/","title":{"rendered":"Kto poprowadzi Ko\u015bci\u00f3\u0142 w erze sztucznej inteligencji?"},"content":{"rendered":"\n<p>\u015amier\u0107 papie\u017ca Franciszka otworzy\u0142a nowy rozdzia\u0142 w historii Ko\u015bcio\u0142a. Cho\u0107 oczy \u015bwiata skierowane s\u0105 na konklawe, w tle rozgrywa si\u0119 znacznie wi\u0119ksza dyskusja \u2013 jak Ko\u015bci\u00f3\u0142 powinien odpowiedzie\u0107 na rewolucj\u0119 technologiczn\u0105, z jak\u0105 mierzy si\u0119 ca\u0142a ludzko\u015b\u0107? W centrum tej debaty znajduje si\u0119 sztuczna inteligencja, kt\u00f3ra przestaje by\u0107 tylko technologiczn\u0105 ciekawostk\u0105, a staje si\u0119 si\u0142\u0105 wp\u0142ywaj\u0105c\u0105 na edukacj\u0119, zdrowie, relacje i etyk\u0119.<\/p>\n\n\n\n<h2>Kardyna\u0142owie i sztuczna inteligencja \u2013 g\u0142osy z Watykanu<\/h2>\n\n\n\n<p>W\u015br\u00f3d kandydat\u00f3w do tronu Piotrowego wyr\u00f3\u017cnia si\u0119 kard. Jos\u00e9 Tolentino de Mendon\u00e7a \u2013 autor watyka\u0144skiego dokumentu \u201eAntiqua et Nova\u201d, po\u015bwi\u0119conego AI. Ostrzega on przed \u201ecieniem z\u0142a\u201d, jaki mo\u017ce nie\u015b\u0107 niekontrolowany rozw\u00f3j technologii. Wsp\u00f3lnie z kard. V\u00edctorem Manuelem Fern\u00e1ndezem analizuje nie tylko zagro\u017cenia, ale i szanse, jakie AI daje ludzko\u015bci. Ich przes\u0142anie jest jasne \u2013 cz\u0142owiek musi pozosta\u0107 w centrum, a etyka nie mo\u017ce ust\u0105pi\u0107 innowacjom.<\/p>\n\n\n\n<p>Na technologiczn\u0105 przysz\u0142o\u015b\u0107 z uwag\u0105 patrzy te\u017c kard. Pietro Parolin. M\u00f3wi o AI jako o \u201efascynuj\u0105cym, lecz gro\u017anym narz\u0119dziu\u201d, a podczas sesji ONZ wzywa\u0142 do regulacji <a href=\"https:\/\/www.gowork.pl\/poradnik\/17\/wiadomosci\/czy-sztuczna-inteligencja-zabierze-nam-prace-czarna-lista-zawodow-zagrozonych-do-2030-roku\/\" title=\"\">sztucznej inteligencji<\/a> na rzecz pokoju i dobra wsp\u00f3lnego. Podkre\u015bla\u0142 tak\u017ce, jak wa\u017cna jest ochrona najm\u0142odszych przed jej negatywnym wp\u0142ywem.<\/p>\n\n\n\n<h2>Ko\u015bci\u00f3\u0142 wobec przysz\u0142o\u015bci \u2013 g\u0142os rozs\u0105dku czy g\u0142os l\u0119ku?<\/h2>\n\n\n\n<p>Nie brakuje te\u017c duchownych, kt\u00f3rzy nawo\u0142uj\u0105 do natychmiastowego dzia\u0142ania. Kard. Willem Eijk z Utrechtu ostrzega, \u017ce Ko\u015bci\u00f3\u0142 nie mo\u017ce d\u0142u\u017cej zwleka\u0107 z okre\u015bleniem stanowiska wobec AI. Sztuczna inteligencja to nie odleg\u0142a teoria \u2013 to codzienno\u015b\u0107, kt\u00f3ra wkracza w \u017cycie wiernych.<\/p>\n\n\n\n<p>Papie\u017c Franciszek, jeszcze za \u017cycia, wskazywa\u0142 kierunek. <strong>W swojej ostatniej modlitwie intencyjnej nawo\u0142ywa\u0142 do m\u0105drego i odpowiedzialnego korzystania z nowych technologii<\/strong>, kt\u00f3re maj\u0105 s\u0142u\u017cy\u0107 ludziom, a nie ich zast\u0119powa\u0107.<\/p>\n\n\n\n<p>Dzi\u015b pytanie nie brzmi ju\u017c \u201eczy\u201d, ale \u201ejak\u201d Ko\u015bci\u00f3\u0142 wejdzie w er\u0119 sztucznej inteligencji. A nowy papie\u017c b\u0119dzie musia\u0142 znale\u017a\u0107 odpowied\u017a, kt\u00f3ra pogodzi wiar\u0119 z algorytmem.<\/p>\n\n\n\n<p><\/p>\n\n\n\n<p>\u0179r\u00f3d\u0142o: cyfrowa.rp.pl<\/p>\n\n\n\n<p>\u0179r\u00f3d\u0142o zdj\u0119cia: https:\/\/pixabay.com\/pl\/photos\/technologia-biznes-futurystyczny-7111795\/<\/p>\n<!-- AddThis Advanced Settings generic via filter on the_content --><!-- AddThis Share Buttons generic via filter on the_content -->","protected":false},"excerpt":{"rendered":"<p>Sztuczna inteligencja to wyzwanie tak\u017ce dla Ko\u015bcio\u0142a. Poznaj pogl\u0105dy kardyna\u0142\u00f3w na AI i sprawd\u017a, jak nowy papie\u017c mo\u017ce kszta\u0142towa\u0107 duchowo\u015b\u0107 w dobie technologicznej rewolucji.<!-- AddThis Advanced Settings generic via filter on get_the_excerpt --><!-- AddThis Share Buttons generic via filter on get_the_excerpt --><\/p>\n","protected":false},"author":38,"featured_media":60460,"comment_status":"open","ping_status":"closed","sticky":false,"template":"","format":"standard","meta":[],"categories":[2487],"tags":[],"aioseo_notices":[],"_links":{"self":[{"href":"https:\/\/www.gowork.pl\/blog\/wp-json\/wp\/v2\/posts\/60459"}],"collection":[{"href":"https:\/\/www.gowork.pl\/blog\/wp-json\/wp\/v2\/posts"}],"about":[{"href":"https:\/\/www.gowork.pl\/blog\/wp-json\/wp\/v2\/types\/post"}],"author":[{"embeddable":true,"href":"https:\/\/www.gowork.pl\/blog\/wp-json\/wp\/v2\/users\/38"}],"replies":[{"embeddable":true,"href":"https:\/\/www.gowork.pl\/blog\/wp-json\/wp\/v2\/comments?post=60459"}],"version-history":[{"count":1,"href":"https:\/\/www.gowork.pl\/blog\/wp-json\/wp\/v2\/posts\/60459\/revisions"}],"predecessor-version":[{"id":60461,"href":"https:\/\/www.gowork.pl\/blog\/wp-json\/wp\/v2\/posts\/60459\/revisions\/60461"}],"wp:featuredmedia":[{"embeddable":true,"href":"https:\/\/www.gowork.pl\/blog\/wp-json\/wp\/v2\/media\/60460"}],"wp:attachment":[{"href":"https:\/\/www.gowork.pl\/blog\/wp-json\/wp\/v2\/media?parent=60459"}],"wp:term":[{"taxonomy":"category","embeddable":true,"href":"https:\/\/www.gowork.pl\/blog\/wp-json\/wp\/v2\/categories?post=60459"},{"taxonomy":"post_tag","embeddable":true,"href":"https:\/\/www.gowork.pl\/blog\/wp-json\/wp\/v2\/tags?post=60459"}],"curies":[{"name":"wp","href":"https:\/\/api.w.org\/{rel}","templated":true}]}}