{"id":57066,"date":"2024-12-27T14:27:24","date_gmt":"2024-12-27T13:27:24","guid":{"rendered":"https:\/\/www.gowork.pl\/blog\/?p=57066"},"modified":"2024-12-27T14:27:25","modified_gmt":"2024-12-27T13:27:25","slug":"35-abonament-rtv-zostanie-zlikwidowany-tego-chca-polacy","status":"publish","type":"post","link":"https:\/\/www.gowork.pl\/blog\/35-abonament-rtv-zostanie-zlikwidowany-tego-chca-polacy\/","title":{"rendered":"Abonament RTV zostanie zlikwidowany? Tego chc\u0105 Polacy"},"content":{"rendered":"\n<p><strong>Polacy od lat kwestionuj\u0105 zasadno\u015b\u0107 op\u0142acania abonamentu radiowo-telewizyjnego. Wydaje si\u0119, \u017ce ich g\u0142os w ko\u0144cu zosta\u0142 us\u0142yszany. Ministerstwo Kultury i Dziedzictwa Narodowego pracuje nad ustaw\u0105, kt\u00f3ra od 2026 roku mo\u017ce uwolni\u0107 obywateli od tego obowi\u0105zku. Reforma zak\u0142ada zast\u0105pienie dotychczasowego systemu finansowania medi\u00f3w publicznych dotacj\u0105 z bud\u017cetu pa\u0144stwa. Czy to koniec jednej z najbardziej kontrowersyjnych op\u0142at w Polsce?<\/strong><\/p>\n<h2>Dlaczego abonament budzi kontrowersje?<\/h2>\n<p>Obecny system abonamentowy od dawna pozostaje problematyczny. Z obowi\u0105zku uiszczania <a href=\"https:\/\/wiadomosci.gowork.pl\/abonament-rtv-w-2025-roku-ile-wyniesie-kto-nie-bedzie-musial-go-placic\/\">op\u0142at za posiadanie odbiornik\u00f3w radiowych i telewizyjnych<\/a> wywi\u0105zuje si\u0119 zaledwie oko\u0142o 800 tysi\u0119cy gospodarstw domowych, co stanowi jedn\u0105 trzeci\u0105 zobowi\u0105zanych. <strong>Taka sytuacja sprawia, \u017ce efektywno\u015b\u0107 systemu stoi pod znakiem zapytania, a cz\u0119\u015b\u0107 spo\u0142ecze\u0144stwa uwa\u017ca go za relikt przesz\u0142o\u015bci.<\/strong><\/p>\n<p>Zwolennicy reformy wskazuj\u0105, \u017ce w dobie powszechnego dost\u0119pu do r\u00f3\u017cnorodnych \u017ar\u00f3de\u0142 informacji i rozrywki, obowi\u0105zkowe finansowanie medi\u00f3w publicznych w obecnej formie przesta\u0142o mie\u0107 racj\u0119 bytu. Tymczasem przeciwnicy zmian obawiaj\u0105 si\u0119, \u017ce nowe rozwi\u0105zania, takie jak dotacje z bud\u017cetu pa\u0144stwa, mog\u0105 wp\u0142yn\u0105\u0107 na niezale\u017cno\u015b\u0107 medi\u00f3w publicznych.<\/p>\n<h2>Nowy system finansowania medi\u00f3w<\/h2>\n<p>Planowane zmiany zak\u0142adaj\u0105, \u017ce media publiczne b\u0119d\u0105 finansowane z dotacji bud\u017cetowej wynosz\u0105cej 0,09 procent PKB. Przy obecnych wska\u017anikach oznacza to kwot\u0119 oko\u0142o 3,5 miliarda z\u0142otych rocznie. <strong>Taki system ma zapewni\u0107 stabilne finansowanie medi\u00f3w publicznych, uwalniaj\u0105c obywateli od konieczno\u015bci pami\u0119tania o comiesi\u0119cznych p\u0142atno\u015bciach.<\/strong><\/p>\n<p>Proces legislacyjny zbieg\u0142 si\u0119 w czasie z wyborami prezydenckimi, co rodzi pytania o motywy wprowadzenia reformy w\u0142a\u015bnie teraz. Niezale\u017cnie od politycznego kontekstu, zmiany mog\u0105 wej\u015b\u0107 w \u017cycie najwcze\u015bniej w 2026 roku, po zako\u0144czeniu okresu vacatio legis.<\/p>\n<p>Do tego czasu abonament RTV pozostaje w mocy, a Poczta Polska poinformowa\u0142a, \u017ce stawki w 2025 roku nie ulegn\u0105 zmianie. Dla os\u00f3b op\u0142acaj\u0105cych abonament z wyprzedzeniem przygotowano dodatkowe udogodnienia, takie jak 10-procentowa zni\u017cka przy p\u0142atno\u015bci za ca\u0142y rok do 25 stycznia.<\/p>\n<h2>Koniec reliktu przesz\u0142o\u015bci?<\/h2>\n<p>Zmiany w systemie finansowania <a href=\"https:\/\/www.gowork.pl\/poradnik\/kariera\/public-relations-czym-sie-zajmuje-pr-owiec\/\">medi\u00f3w publicznych<\/a> to nie tylko odpowied\u017a na problemy z egzekwowaniem op\u0142at, ale tak\u017ce pr\u00f3ba dostosowania przepis\u00f3w do wsp\u00f3\u0142czesnych reali\u00f3w. <strong>Zniesienie abonamentu RTV mo\u017ce by\u0107 ulg\u0105 dla milion\u00f3w Polak\u00f3w, kt\u00f3rzy od dawna postrzegali t\u0119 op\u0142at\u0119 jako przestarza\u0142\u0105 i niesprawiedliw\u0105.<\/strong><\/p>\n<p>Cho\u0107 proponowane zmiany wywo\u0142uj\u0105 o\u017cywion\u0105 dyskusj\u0119 w \u015brodowisku medialnym i politycznym, jedno jest pewne: dla przeci\u0119tnego obywatela perspektywa uwolnienia od abonamentu RTV jest niezwykle kusz\u0105ca. Czy nadchodzi era medi\u00f3w publicznych finansowanych w spos\u00f3b sprawiedliwszy i bardziej przejrzysty? Na odpowied\u017a b\u0119dziemy musieli jeszcze poczeka\u0107, ale kierunek zmian wydaje si\u0119 jasno okre\u015blony.<\/p>\n<p><em>\u0179r\u00f3d\u0142o: warszawawpigu\u0142ce.pl<\/em><\/p>\n<p>\u00a0<\/p>\n<!-- AddThis Advanced Settings generic via filter on the_content --><!-- AddThis Share Buttons generic via filter on the_content -->","protected":false},"excerpt":{"rendered":"<p>Polacy od lat kwestionuj\u0105 zasadno\u015b\u0107 op\u0142acania abonamentu radiowo-telewizyjnego. Wydaje si\u0119, \u017ce ich g\u0142os w ko\u0144cu zosta\u0142 us\u0142yszany. Ministerstwo Kultury i Dziedzictwa Narodowego pracuje nad ustaw\u0105, kt\u00f3ra od 2026 roku mo\u017ce uwolni\u0107 obywateli od tego obowi\u0105zku. Reforma zak\u0142ada zast\u0105pienie dotychczasowego systemu finansowania medi\u00f3w publicznych dotacj\u0105 z bud\u017cetu pa\u0144stwa. Czy to koniec jednej z najbardziej kontrowersyjnych op\u0142at [&hellip;]<!-- AddThis Advanced Settings generic via filter on get_the_excerpt --><!-- AddThis Share Buttons generic via filter on get_the_excerpt --><\/p>\n","protected":false},"author":35,"featured_media":57069,"comment_status":"open","ping_status":"closed","sticky":false,"template":"","format":"standard","meta":[],"categories":[2487],"tags":[],"aioseo_notices":[],"_links":{"self":[{"href":"https:\/\/www.gowork.pl\/blog\/wp-json\/wp\/v2\/posts\/57066"}],"collection":[{"href":"https:\/\/www.gowork.pl\/blog\/wp-json\/wp\/v2\/posts"}],"about":[{"href":"https:\/\/www.gowork.pl\/blog\/wp-json\/wp\/v2\/types\/post"}],"author":[{"embeddable":true,"href":"https:\/\/www.gowork.pl\/blog\/wp-json\/wp\/v2\/users\/35"}],"replies":[{"embeddable":true,"href":"https:\/\/www.gowork.pl\/blog\/wp-json\/wp\/v2\/comments?post=57066"}],"version-history":[{"count":1,"href":"https:\/\/www.gowork.pl\/blog\/wp-json\/wp\/v2\/posts\/57066\/revisions"}],"predecessor-version":[{"id":57072,"href":"https:\/\/www.gowork.pl\/blog\/wp-json\/wp\/v2\/posts\/57066\/revisions\/57072"}],"wp:featuredmedia":[{"embeddable":true,"href":"https:\/\/www.gowork.pl\/blog\/wp-json\/wp\/v2\/media\/57069"}],"wp:attachment":[{"href":"https:\/\/www.gowork.pl\/blog\/wp-json\/wp\/v2\/media?parent=57066"}],"wp:term":[{"taxonomy":"category","embeddable":true,"href":"https:\/\/www.gowork.pl\/blog\/wp-json\/wp\/v2\/categories?post=57066"},{"taxonomy":"post_tag","embeddable":true,"href":"https:\/\/www.gowork.pl\/blog\/wp-json\/wp\/v2\/tags?post=57066"}],"curies":[{"name":"wp","href":"https:\/\/api.w.org\/{rel}","templated":true}]}}