{"id":447,"date":"2016-06-28T15:13:21","date_gmt":"2016-06-28T13:13:21","guid":{"rendered":"http:\/\/www.policealna.blog.gowork.pl\/?p=447"},"modified":"2024-04-11T12:30:05","modified_gmt":"2024-04-11T10:30:05","slug":"szkola-policealna-a-studia","status":"publish","type":"post","link":"https:\/\/www.gowork.pl\/blog\/szkola-policealna-a-studia\/","title":{"rendered":"Szko\u0142a policealna a studia &#8211; co lepiej wybra\u0107?"},"content":{"rendered":"<p style=\"text-align: justify;\" align=\"LEFT\"><span style=\"color: #333333;\"><strong>Przygl\u0105daj\u0105c si\u0119 obecnej sytuacji na rynku pracy mo\u017cemy zauwa\u017cy\u0107, \u017ce tytu\u0142 magistra nie jest ju\u017c tak ceniony, jak jeszcze kilka lat temu. Czy op\u0142aca si\u0119 zatem podj\u0105\u0107 studia\u00a0oraz w\u0119dr\u00f3wk\u0119 poprzez praktyki i sta\u017ce? Ka\u017cda decyzja ma swoje wady i zalety.<\/strong><!--more--><\/span><\/p>\n<h2>Bran\u017ca IT i telekomunikacja<\/h2>\n<p style=\"text-align: justify;\" align=\"LEFT\"><span style=\"color: #333333;\">Decyduj\u0105c si\u0119 na rozpocz\u0119cie studi\u00f3w musimy liczy\u0107 si\u0119 z faktem, \u017ce znajdziemy na rynku\u00a0ma\u0142o miejsc pracy dla kulturoznawc\u00f3w, geograf\u00f3w, historyk\u00f3w. Nadal mamy za du\u017co humanist\u00f3w, a liczba absolwent\u00f3w kierunk\u00f3w \u015bcis\u0142ych \u2013 lepiej op\u0142acalnych &#8211; wci\u0105\u017c si\u0119 nie zwi\u0119ksza. Wed\u0142ug bada\u0144 Polskiej Agencji Rozwoju Przedsi\u0119biorczo\u015bci, w najbli\u017cszych latach, na zatrudnienie mog\u0105 liczy\u0107 ci, kt\u00f3rzy swoj\u0105 przysz\u0142o\u015b\u0107 zwi\u0105\u017c\u0105 z <a href=\"https:\/\/www.gowork.pl\/blog\/nietypowe-pomysly-na-biznes-w-polsce\/\">bran\u017c\u0105 telekomunikacyjn\u0105<\/a> i <span style=\"color: #333333;\">informatyczn\u0105<\/span>, kt\u00f3rych rozw\u00f3j jest najbardziej dynamiczny, co generuje nowe miejsca pracy.<i> <\/i>\u00a0<\/span><\/p>\n<p style=\"text-align: justify;\" align=\"LEFT\"><span style=\"color: #333333;\">Niestety wi\u0119kszo\u015b\u0107 uczelni nadal skupia si\u0119 na zaj\u0119ciach teoretycznych, wyk\u0142adach, a nie na poszerzaniu wiedzy praktycznej. Je\u015bli po sko\u0144czeniu studi\u00f3w nie posiadamy \u017cadnego do\u015bwiadczenia, z punktu widzenia pracodawcy nie jeste\u015bmy atrakcyjnymi kandydatami. Dlatego warto korzysta\u0107 ze sta\u017cy oraz praktyk i w miar\u0119 mo\u017cliwo\u015bci podj\u0105\u0107 dodatkow\u0105 prac\u0119, kt\u00f3ra b\u0119dzie dobrym startem dla naszej zawodowej kariery.<\/span><\/p>\n<h2>M\u0142odzi ludzie na rynku pracy!<\/h2>\n<p style=\"text-align: justify;\" align=\"justify\"><span style=\"color: #333333;\">Wyb\u00f3r <a href=\"http:\/\/policealna.gowork.pl\">szko\u0142y policealnej<\/a> mo\u017ce okaza\u0107 si\u0119 dobr\u0105 decyzj\u0105 dla os\u00f3b, kt\u00f3re ju\u017c maj\u0105 wizj\u0119 swojego zawodu. Je\u015bli planujemy zosta\u0107 <span style=\"color: #3366ff;\"><a style=\"color: #3366ff;\" href=\"http:\/\/policealna.gowork.pl\/kosmetologia\">kosmetologiem<\/a><\/span>, <a href=\"https:\/\/www.gowork.pl\/praca\/szukaj\/fryzjer;st\/20;km\">fryzjerem<\/a>, <a href=\"https:\/\/www.gowork.pl\/praca\/kucharz;st\">kucharzem<\/a>, warto <span style=\"color: #333333;\">zapisa\u0107 si\u0119 do szko\u0142y policealnej<\/span>, poniewa\u017c te zawody wymagaj\u0105 znacznej wiedzy praktyczniej. Dzi\u0119ki takiemu podej\u015bciu do nauczania, absolwenci szk\u00f3\u0142 policealnych mog\u0105 zaraz po szkole z powodzeniem podj\u0105\u0107 prac\u0119 i wykonywa\u0107 zadania zawodowe, gdy\u017c na etapie szko\u0142y zdobyli ju\u017c praktyczne umiej\u0119tno\u015bci i do\u015bwiadczenie. W szko\u0142ach policealnych ucz\u0105 praktycy wykonuj\u0105cy dany zaw\u00f3d na co dzie\u0144, wi\u0119c znaj\u0105cy realia rynku i potrzeby pracodawc\u00f3w. <\/span><\/p>\n<p style=\"text-align: justify;\" align=\"justify\"><span style=\"color: #333333;\">Kolejn\u0105 zalet\u0105 wyboru tego typu nauki jest czas kszta\u0142cenia. Trwa on przewa\u017cnie dwa lata \u2013 czyli w stosunkowo kr\u00f3tkim okresie mo\u017cemy zdoby\u0107 konkretne do\u015bwiadczenie zawodowe. Nasze wykszta\u0142cenie, tak samo jak uczelniach zostanie potwierdzone odpowiednim dokumentem. Co wa\u017cne, aby zapisa\u0107 si\u0119 do szko\u0142y policealnej, nie trzeba mie\u0107 matury (wystarczy \u015bwiadectwo uko\u0144czenia szko\u0142y \u015bredniej). Jest to wi\u0119c szansa dla wszystkich, kt\u00f3rzy z r\u00f3\u017cnych wzgl\u0119d\u00f3w nie podeszli lub nie zdali egzaminu dojrza\u0142o\u015bci.<\/span><\/p>\n<p style=\"text-align: justify;\" align=\"LEFT\"><span style=\"color: #333333;\">Ka\u017cdy z nas wybiera inn\u0105 \u015bcie\u017ck\u0119 kariery zawodowej, ale je\u015bli b\u0119dziemy musieli wybra\u0107 pomi\u0119dzy szko\u0142\u0105 policealn\u0105, a studiami zastan\u00f3wmy si\u0119 co ta naprawd\u0119 chcemy robi\u0107 i w jaki spos\u00f3b najlepiej si\u0119 przygotowa\u0107 do przysz\u0142ej pracy.<\/span><\/p>\n<p align=\"LEFT\">\u0179r\u00f3d\u0142o zdj\u0119cia: https:\/\/pl.123rf.com\/photo_90225130_dziewczyna-czyta-zbli%C5%BCenie-ksi%C4%85%C5%BCki-z-p%C5%82ytk%C4%85-g%C5%82%C4%99bi%C4%85-ostro%C5%9Bci-i-skupia-si%C4%99-na-ksi%C4%85%C5%BCce.html<\/p>\n<!-- AddThis Advanced Settings generic via filter on the_content --><!-- AddThis Share Buttons generic via filter on the_content -->","protected":false},"excerpt":{"rendered":"<p>Przygl\u0105daj\u0105c si\u0119 obecnej sytuacji na rynku pracy mo\u017cemy zauwa\u017cy\u0107, \u017ce tytu\u0142 magistra nie jest ju\u017c tak ceniony, jak jeszcze kilka lat temu. Czy op\u0142aca si\u0119 zatem podj\u0105\u0107 studia\u00a0oraz w\u0119dr\u00f3wk\u0119 poprzez praktyki i sta\u017ce? Ka\u017cda decyzja ma swoje wady i zalety.<!-- AddThis Advanced Settings generic via filter on get_the_excerpt --><!-- AddThis Share Buttons generic via filter on get_the_excerpt --><\/p>\n","protected":false},"author":1,"featured_media":45899,"comment_status":"open","ping_status":"closed","sticky":false,"template":"","format":"standard","meta":[],"categories":[4],"tags":[],"aioseo_notices":[],"_links":{"self":[{"href":"https:\/\/www.gowork.pl\/blog\/wp-json\/wp\/v2\/posts\/447"}],"collection":[{"href":"https:\/\/www.gowork.pl\/blog\/wp-json\/wp\/v2\/posts"}],"about":[{"href":"https:\/\/www.gowork.pl\/blog\/wp-json\/wp\/v2\/types\/post"}],"author":[{"embeddable":true,"href":"https:\/\/www.gowork.pl\/blog\/wp-json\/wp\/v2\/users\/1"}],"replies":[{"embeddable":true,"href":"https:\/\/www.gowork.pl\/blog\/wp-json\/wp\/v2\/comments?post=447"}],"version-history":[{"count":5,"href":"https:\/\/www.gowork.pl\/blog\/wp-json\/wp\/v2\/posts\/447\/revisions"}],"predecessor-version":[{"id":45902,"href":"https:\/\/www.gowork.pl\/blog\/wp-json\/wp\/v2\/posts\/447\/revisions\/45902"}],"wp:featuredmedia":[{"embeddable":true,"href":"https:\/\/www.gowork.pl\/blog\/wp-json\/wp\/v2\/media\/45899"}],"wp:attachment":[{"href":"https:\/\/www.gowork.pl\/blog\/wp-json\/wp\/v2\/media?parent=447"}],"wp:term":[{"taxonomy":"category","embeddable":true,"href":"https:\/\/www.gowork.pl\/blog\/wp-json\/wp\/v2\/categories?post=447"},{"taxonomy":"post_tag","embeddable":true,"href":"https:\/\/www.gowork.pl\/blog\/wp-json\/wp\/v2\/tags?post=447"}],"curies":[{"name":"wp","href":"https:\/\/api.w.org\/{rel}","templated":true}]}}