{"id":43066,"date":"2023-11-16T11:01:07","date_gmt":"2023-11-16T10:01:07","guid":{"rendered":"https:\/\/www.gowork.pl\/blog\/?p=43066"},"modified":"2025-03-10T09:58:45","modified_gmt":"2025-03-10T08:58:45","slug":"39-kolejny-gigant-planuje-grupowe-zwolnienia-w-polsce","status":"publish","type":"post","link":"https:\/\/www.gowork.pl\/blog\/39-kolejny-gigant-planuje-grupowe-zwolnienia-w-polsce\/","title":{"rendered":"Powt\u00f3rka z historii &#8211; kolejny gigant planuje grupowe zwolnienia w Polsce"},"content":{"rendered":"\n<p><strong>W ostatnich miesi\u0105cach systematycznie pojawiaj\u0105 si\u0119 doniesienia o zwolnieniach w polskich oddzia\u0142ach firm o zasi\u0119gu mi\u0119dzynarodowym. Tym razem taka sytuacja dotyczy marki Nokia, kt\u00f3ra w zwi\u0105zku ze spadkiem przychod\u00f3w szuka oszcz\u0119dno\u015bci. Restrukturyzacja wymaga\u0107 b\u0119dzie zwolnienia pracownik\u00f3w w r\u00f3\u017cnych lokalizacjach \u2013 r\u00f3wnie\u017c w Polsce.<\/strong><\/p>\n<p>\u00a0<\/p>\n<h2 class=\"western\"><strong>Trudna sytuacja koncernu Nokia<\/strong><\/h2>\n<p>Trudna sytuacja gospodarcza nie omija gigant\u00f3w takich jak Nokia. Firma poinformowa\u0142a ostatnio, \u017ce przez zmniejszenie przychod\u00f3w z sieci kom\u00f3rkowych w Ameryce P\u00f3\u0142nocnej, a jednocze\u015bnie umiarkowan\u0105 sprzeda\u017c na rynku indyjskim jest zmuszona podj\u0105\u0107 si\u0119 procesu ci\u0119cia koszt\u00f3w.<\/p>\n<p>To oznacza, \u017ce marka planuje zwolni\u0107 spor\u0105 cz\u0119\u015b\u0107 pracownik\u00f3w. <strong>Wst\u0119pne szacunki wskazuj\u0105, \u017ce redukcja b\u0119dzie dotyczy\u0107 14 tys. miejsc pracy.<\/strong> Dla firmy maj\u0105 to by\u0107 w najbli\u017cszych latach oszcz\u0119dno\u015bci rz\u0119du od 800 mln do nawet 1,2 mld euro.<\/p>\n<h2 class=\"western\"><strong>Zwolnienia w Nokii<\/strong><\/h2>\n<p>Obecnie w firmie Nokia zatrudnionych jest ponad 86 tysi\u0119cy os\u00f3b na ca\u0142ym \u015bwiecie. W Polsce koncern ma z kolei ponad 6 tys. pracownik\u00f3w. Plac\u00f3wki dzia\u0142aj\u0105 w r\u00f3\u017cnych miastach \u2013 w Warszawie, Krakowie, czy Bydgoszczy.<\/p>\n<p>Jak informuje serwis bankier.pl, <strong>wed\u0142ug plan\u00f3w firmy, w polskich oddzia\u0142ach ma zosta\u0107 zwolnionych ponad 700 os\u00f3b, cho\u0107 nieoficjalnie m\u00f3wi si\u0119 o redukcji zatrudnienia nawet w przypadku 830 etat\u00f3w<\/strong>. Ostatecznie jednak nie podano szczeg\u00f3\u0142\u00f3w ani daty realizacji tych plan\u00f3w. Z drugiej strony zwolnienia grupowe w Nokii zosta\u0142y ju\u017c zg\u0142oszone do Powiatowego Urz\u0119du Pracy we Wroc\u0142awiu. Ze wzgl\u0119du na brak dok\u0142adniejszych informacji, wi\u0119cej o redukcji etat\u00f3w b\u0119dzie zapewne wiadomo na pocz\u0105tku nowego roku. Pracownicy ju\u017c teraz musz\u0105 przyzwyczai\u0107 si\u0119 do my\u015bli o poszukiwaniu <a href=\"https:\/\/www.gowork.pl\/blog\/39-nowa-praca-kto-jej-obecnie-szuka-ile-trwa-znalezienie-nowego-zatrudnienia\/\">nowej pracy<\/a>.<\/p>\n<h2 class=\"western\"><strong>Oddzia\u0142y Nokii w Polsce<\/strong><\/h2>\n<p>Mimo planowanych zwolnie\u0144 grupowych <strong>marka nadal b\u0119dzie czo\u0142owym centrum R&amp;D w Polsce<\/strong>. Ci\u0119cia koszt\u00f3w i zwi\u0105zane z tym <a href=\"https:\/\/www.gowork.pl\/blog\/39-masowe-zwolnienia-kryzys-nie-omija-swiatowych-i-krajowych-gigantow\/\">masowe zwolnienia<\/a> Nokia b\u0119dzie realizowa\u0107 w wielu krajach, jednak nie powinny one wywo\u0142a\u0107 drastycznych zmian w funkcjonowaniu firmy na polskim i zagranicznym rynku. M\u00f3wi si\u0119 r\u00f3wnie\u017c, \u017ce ostatecznie liczba zwolnionych pracownik\u00f3w mo\u017ce okaza\u0107 si\u0119 mniejsza, ni\u017c jest to obecnie szacowane.<\/p>\n<h2 data-start=\"1311\" data-end=\"1368\"><strong data-start=\"1311\" data-end=\"1368\">Kolejny gigant planuje grupowe zwolnienia w Polsce<\/strong><\/h2>\n<p data-start=\"1370\" data-end=\"1535\"><span class=\"relative -mx-px my-[-0.2rem] rounded px-px py-[0.2rem]\">Informacje o planowanych grupowych zwolnieniach przez kolejnego giganta w Polsce budz\u0105 niepok\u00f3j zar\u00f3wno w\u015br\u00f3d pracownik\u00f3w, jak i w ca\u0142ym spo\u0142ecze\u0144stwie.<\/span> <span class=\"relative -mx-px my-[-0.2rem] rounded px-px py-[0.2rem]\">Takie decyzje mog\u0105 by\u0107 wynikiem globalnych trend\u00f3w ekonomicznych, restrukturyzacji czy automatyzacji proces\u00f3w.<\/span> <span class=\"relative -mx-px my-[-0.2rem] rounded px-px py-[0.2rem]\">Niezale\u017cnie od przyczyn, istotne jest, aby firmy podejmuj\u0105ce takie kroki zapewni\u0142y odpowiednie wsparcie dla zwalnianych pracownik\u00f3w, takie jak programy outplacementowe czy szkolenia przekwalifikuj\u0105ce, aby u\u0142atwi\u0107 im reintegracj\u0119 na rynku pracy.<\/span>\u200b<\/p>\n<p data-start=\"1537\" data-end=\"1702\"><span class=\"relative -mx-px my-[-0.2rem] rounded px-px py-[0.2rem]\">Wp\u0142yw takich zwolnie\u0144 odczuwalny jest nie tylko na poziomie indywidualnym, ale tak\u017ce regionalnym i krajowym.<\/span> <span class=\"relative -mx-px my-[-0.2rem] rounded px-px py-[0.2rem]\">Zmniejszenie liczby miejsc pracy w du\u017cych przedsi\u0119biorstwach mo\u017ce prowadzi\u0107 do wzrostu bezrobocia, spadku dochod\u00f3w lokalnych spo\u0142eczno\u015bci oraz obni\u017cenia poziomu konsumpcji.<\/span> <span class=\"relative -mx-px my-[-0.2rem] rounded px-px py-[0.2rem]\">Dlatego wa\u017cne jest, aby w\u0142adze lokalne i centralne wsp\u00f3\u0142pracowa\u0142y z przedsi\u0119biorstwami w celu minimalizacji negatywnych skutk\u00f3w takich decyzji, na przyk\u0142ad poprzez tworzenie program\u00f3w wsparcia dla nowych inwestycji czy inicjatyw przedsi\u0119biorczo\u015bci w dotkni\u0119tych regionach.<\/span><\/p>\n<p data-start=\"1537\" data-end=\"1702\">\u00a0<\/p>\n<p data-start=\"1537\" data-end=\"1702\">\u0179r\u00f3d\u0142o zdj\u0119cia: https:\/\/pl.123rf.com\/photo_85895327_ludzkie-r%C4%99ce-trzyma-smartphone-i-dotyka%C4%87-na-ekranie-mobilnym.html<\/p>\n<!-- AddThis Advanced Settings generic via filter on the_content --><!-- AddThis Share Buttons generic via filter on the_content -->","protected":false},"excerpt":{"rendered":"<p>Kolejna marka o zasi\u0119gu mi\u0119dzynarodowym zmuszona jest do podj\u0119cia redukcji etat\u00f3w. Koncern Nokia planuje zwolni\u0107 w Polsce ponad 700 os\u00f3b.<!-- AddThis Advanced Settings generic via filter on get_the_excerpt --><!-- AddThis Share Buttons generic via filter on get_the_excerpt --><\/p>\n","protected":false},"author":39,"featured_media":59323,"comment_status":"open","ping_status":"closed","sticky":false,"template":"","format":"standard","meta":[],"categories":[2487],"tags":[3757],"aioseo_notices":[],"_links":{"self":[{"href":"https:\/\/www.gowork.pl\/blog\/wp-json\/wp\/v2\/posts\/43066"}],"collection":[{"href":"https:\/\/www.gowork.pl\/blog\/wp-json\/wp\/v2\/posts"}],"about":[{"href":"https:\/\/www.gowork.pl\/blog\/wp-json\/wp\/v2\/types\/post"}],"author":[{"embeddable":true,"href":"https:\/\/www.gowork.pl\/blog\/wp-json\/wp\/v2\/users\/39"}],"replies":[{"embeddable":true,"href":"https:\/\/www.gowork.pl\/blog\/wp-json\/wp\/v2\/comments?post=43066"}],"version-history":[{"count":2,"href":"https:\/\/www.gowork.pl\/blog\/wp-json\/wp\/v2\/posts\/43066\/revisions"}],"predecessor-version":[{"id":59324,"href":"https:\/\/www.gowork.pl\/blog\/wp-json\/wp\/v2\/posts\/43066\/revisions\/59324"}],"wp:featuredmedia":[{"embeddable":true,"href":"https:\/\/www.gowork.pl\/blog\/wp-json\/wp\/v2\/media\/59323"}],"wp:attachment":[{"href":"https:\/\/www.gowork.pl\/blog\/wp-json\/wp\/v2\/media?parent=43066"}],"wp:term":[{"taxonomy":"category","embeddable":true,"href":"https:\/\/www.gowork.pl\/blog\/wp-json\/wp\/v2\/categories?post=43066"},{"taxonomy":"post_tag","embeddable":true,"href":"https:\/\/www.gowork.pl\/blog\/wp-json\/wp\/v2\/tags?post=43066"}],"curies":[{"name":"wp","href":"https:\/\/api.w.org\/{rel}","templated":true}]}}