{"id":42747,"date":"2023-10-31T18:04:25","date_gmt":"2023-10-31T17:04:25","guid":{"rendered":"https:\/\/www.gowork.pl\/blog\/?p=42747"},"modified":"2023-10-31T18:04:26","modified_gmt":"2023-10-31T17:04:26","slug":"35-komendant-szymczyk-emerytura-i-odprawa-ile-dostanie","status":"publish","type":"post","link":"https:\/\/www.gowork.pl\/blog\/35-komendant-szymczyk-emerytura-i-odprawa-ile-dostanie\/","title":{"rendered":"Komendant Szymczyk \u2013 emerytura i odprawa. Ile dostanie?"},"content":{"rendered":"\n<p><strong>Komendant G\u0142\u00f3wny Policji Jaros\u0142aw Szymczyk chce si\u0119 uda\u0107 na emerytur\u0119 \u2013 przynajmniej wed\u0142ug nieoficjalnych doniesie\u0144. Mia\u0142oby to nast\u0105pi\u0107 ju\u017c 11 listopada. Dla wielu jest to moment wyczekiwany, bowiem komendant Szymczyk dorobi\u0142 si\u0119 opinii cz\u0142owieka nieodpowiedzialnego i niekompetentnego, g\u0142\u00f3wnie za spraw\u0105 u\u017cycia granatnika na Komendzie G\u0142\u00f3wnej Policji. Powod\u00f3w do <em>wybuch\u00f3w<\/em> rado\u015bci jednak nie ma \u2013 za swoje \u201ezas\u0142ugi\u201d komendant dostanie krocie.<\/strong><\/p>\n<p><img loading=\"lazy\" class=\"aligncenter size-medium wp-image-42749\" src=\"https:\/\/www.gowork.pl\/blog\/wp-content\/uploads\/2023\/10\/emerytura-2024-600x400.jpg\" alt=\"emerytura-2024\" width=\"600\" height=\"400\" srcset=\"https:\/\/www.gowork.pl\/blog\/wp-content\/uploads\/2023\/10\/emerytura-2024-600x400.jpg 600w, https:\/\/www.gowork.pl\/blog\/wp-content\/uploads\/2023\/10\/emerytura-2024-1024x683.jpg 1024w, https:\/\/www.gowork.pl\/blog\/wp-content\/uploads\/2023\/10\/emerytura-2024-375x250.jpg 375w, https:\/\/www.gowork.pl\/blog\/wp-content\/uploads\/2023\/10\/emerytura-2024-768x512.jpg 768w, https:\/\/www.gowork.pl\/blog\/wp-content\/uploads\/2023\/10\/emerytura-2024-1536x1024.jpg 1536w, https:\/\/www.gowork.pl\/blog\/wp-content\/uploads\/2023\/10\/emerytura-2024.jpg 1920w\" sizes=\"(max-width: 600px) 100vw, 600px\" \/><\/p>\n<p>Jak du\u017c\u0105 emerytur\u0119 dostanie Jaros\u0142aw Szymczyk? Jak du\u017c\u0105 otrzyma odpraw\u0119? Czy Jaros\u0142aw Szymczyk naprawd\u0119 nie poniesie \u017cadnych konsekwencji za swoj\u0105 s\u0142u\u017cb\u0119 i do ko\u0144ca \u017cycia b\u0119dzie p\u0142awi\u0142 si\u0119 w luksusie? Na te i inne pytania postaramy si\u0119 odpowiedzie\u0107 w niniejszym materiale.<\/p>\n<h2><strong>Szymczyk odejdzie z wielkim hukiem \u2013 absurdalnie wysoka emerytura<\/strong><\/h2>\n<p>Nie od dzi\u015b wiadomo, \u017ce <a href=\"https:\/\/www.gowork.pl\/poradnik\/3\/kariera\/emerytury-mundurowe-zasady-kiedy-waloryzacja-stawka\/\">emerytury w policji<\/a> s\u0105 do\u015b\u0107 wysokie, szczeg\u00f3lnie w sytuacji gdy por\u00f3wnamy je do tych, na kt\u00f3re mog\u0105 liczy\u0107 zwykli Polacy. Nieodzownym faktem jest r\u00f3wnie\u017c to, \u017ce im wy\u017csze stanowisko piastujemy w trakcie swojej pracy, tym na wy\u017csz\u0105 wysoko\u015b\u0107 \u015bwiadczenia b\u0119dziemy mogli liczy\u0107 p\u00f3\u017aniej.<\/p>\n<p>Je\u017celi Jaros\u0142aw Szymczyk zgodnie z zapowiedziami odejdzie na emerytur\u0119, to b\u0119dzie m\u00f3g\u0142 pochwali\u0107 si\u0119 wyj\u0105tkowo wysokim \u015bwiadczeniem \u2013 <strong>b\u0119dzie on bowiem otrzymywa\u0142 a\u017c 20\u00a0000 z\u0142otych brutto<\/strong>. Warto przy tym doda\u0107, \u017ce Komendant G\u0142\u00f3wny Policji nie jest obowi\u0105zany <a href=\"https:\/\/www.gowork.pl\/blog\/39-wiek-emerytalny-w-polsce-czy-beda-zmiany-minister-odpowiada\/\">wiekiem emerytalnym<\/a>. W chwili przej\u015bcia na emerytur\u0119 b\u0119dzie mia\u0142 53 lata.<\/p>\n<h2><strong>Emerytura Szymczyka to nie wszystko \u2013 jest jeszcze odprawa<\/strong><\/h2>\n<p>Naturalnie, monumentalna w swych rozmiarach <a href=\"https:\/\/www.gowork.pl\/poradnik\/3\/prawo-pracy\/emerytura-minimalna-w-2021-r\/\">emerytura<\/a> to nie wszystko, na co liczy\u0107 mo\u017ce Szymczyk \u2013 wystrza\u0142owo prezentuje si\u0119 tak\u017ce odprawa, jak\u0105 Komendant otrzyma. Zgodnie z wyliczeniami opartymi o odpowiednie przepisy, <strong>odprawa Szymczyka mo\u017ce by\u0107 wy\u017csza ni\u017c 162\u00a0000 z\u0142otych.<\/strong><\/p>\n<p>Podstaw\u0119 dla wyliczenia wysoko\u015bci odprawy stanowi oczywi\u015bcie podstawa jego miesi\u0119cznego wynagrodzenia. Ile zarabia Jaros\u0142aw Szymczyk? <strong>Jego pensja ju\u017c w 2022 roku wynosi\u0142a nieco ponad 33\u00a0000 z\u0142otych brutto miesi\u0119cznie<\/strong> (z uwzgl\u0119dnieniem \u201etrzynastki\u201d) \u2013 w 2023 pensja komendanta by\u0142a jeszcze wy\u017csza.<\/p>\n<h2><strong>Jaros\u0142aw Szymczyk odpowie za strzelanie z granatnika?<\/strong><\/h2>\n<p><strong>Tak gargantuiczna odprawa i wysoka emerytura Szymczyka budz\u0105 w spo\u0142ecze\u0144stwie g\u0142\u0119bokie poczucie niesprawiedliwo\u015bci<\/strong> \u2013 i trudno si\u0119 dziwi\u0107. Wed\u0142ug wielu komentator\u00f3w s\u0142u\u017cba Szymczyka na stanowisku Komendanta G\u0142\u00f3wnego Policji by\u0142a nie\u015bmiesznym nieporozumieniem o warto\u015bci wyra\u017anie ujemnej.<\/p>\n<p>Oliwy do ognia dolewa <strong>skandal zwi\u0105zany z wystrza\u0142em z granatnika na Komendzie G\u0142\u00f3wnej Policji<\/strong>. Strzela\u0142 oczywi\u015bcie Szymczyk, t\u0142umacz\u0105c si\u0119 p\u00f3\u017aniej, \u017ce dwa granatniki kt\u00f3re otrzyma\u0142 w prezencie od <a href=\"https:\/\/www.gowork.pl\/praca\/z-ukrainy;st\">Ukrai\u0144c\u00f3w<\/a> mia\u0142y by\u0107 przerobione na g\u0142o\u015bniki. Sugerowa\u0142 nawet, \u017ce s\u0142ucha\u0142 z nich muzyki w towarzystwie ukrai\u0144skiego wojskowego, wobec czego nie rozumie, dlaczego granatnik wystrzeli\u0142, siej\u0105c spustoszenie na trzech pi\u0119trach budynku Komendy G\u0142\u00f3wnej Policji w Warszawie.<\/p>\n<p>Nie s\u0105 to jednak jedyne kontrowersje, jakie wzbudza posta\u0107 Jaros\u0142awa Szymczyka. <strong>Do listy w\u0105tpliwej jako\u015bci osi\u0105gni\u0119\u0107 Komendanta dopisywane s\u0105 mi\u0119dzy innymi pobicia os\u00f3b uczestnicz\u0105cych w Strajku Kobiet przez policjant\u00f3w,<\/strong> czy szereg niezgodnych z Konstytucj\u0105 i etyk\u0105 dzia\u0142a\u0144 w trakcie pandemii koronawirusa. Wielu policjant\u00f3w zrezygnowa\u0142o nawet ze s\u0142u\u017cby nie chc\u0105c, by ktokolwiek patrz\u0105c na nich zr\u00f3wnywa\u0142 powag\u0119 Or\u0142a Bia\u0142ego i policyjnego munduru z nazwiskiem Szymczyka.<\/p>\n<p>Rozliczne \u015brodowiska polityczne postulowa\u0142y postawienie m\u0119\u017cczyzny przed S\u0105dem. <strong>Czy istnieje szansa, \u017ce ju\u017c nied\u0142ugo nie b\u0119dziemy pisa\u0107 o Jaros\u0142awie Szymczyku, a o Jaros\u0142awie S.?<\/strong> Wedle zapowiedzi Donalda Tuska, wiele na to wskazuje \u2013 poci\u0105gni\u0119cie Komendanta do odpowiedzialno\u015bci karnej znajduje si\u0119 w programie wyborczym \u201e<a href=\"https:\/\/www.gowork.pl\/blog\/35-donald-tusk-i-100-konkretow-propozycje-dla-gospodarki\/\">100 Konkret\u00f3w<\/a>\u201d Koalicji Obywatelskiej.<\/p>\n<!-- AddThis Advanced Settings generic via filter on the_content --><!-- AddThis Share Buttons generic via filter on the_content -->","protected":false},"excerpt":{"rendered":"<p>Komendant Szymczyk \u2013 emerytura i odprawa. Ile dostanie? Czy tak wysoka emerytura jest sprawiedliwa? Czy Jaros\u0142aw Szymczyk poniesie wreszcie konsekwencje?<!-- AddThis Advanced Settings generic via filter on get_the_excerpt --><!-- AddThis Share Buttons generic via filter on get_the_excerpt --><\/p>\n","protected":false},"author":35,"featured_media":42748,"comment_status":"open","ping_status":"closed","sticky":false,"template":"","format":"standard","meta":[],"categories":[2487],"tags":[2519,3700,3701,3705,3703,3704,3702],"aioseo_notices":[],"_links":{"self":[{"href":"https:\/\/www.gowork.pl\/blog\/wp-json\/wp\/v2\/posts\/42747"}],"collection":[{"href":"https:\/\/www.gowork.pl\/blog\/wp-json\/wp\/v2\/posts"}],"about":[{"href":"https:\/\/www.gowork.pl\/blog\/wp-json\/wp\/v2\/types\/post"}],"author":[{"embeddable":true,"href":"https:\/\/www.gowork.pl\/blog\/wp-json\/wp\/v2\/users\/35"}],"replies":[{"embeddable":true,"href":"https:\/\/www.gowork.pl\/blog\/wp-json\/wp\/v2\/comments?post=42747"}],"version-history":[{"count":1,"href":"https:\/\/www.gowork.pl\/blog\/wp-json\/wp\/v2\/posts\/42747\/revisions"}],"predecessor-version":[{"id":42750,"href":"https:\/\/www.gowork.pl\/blog\/wp-json\/wp\/v2\/posts\/42747\/revisions\/42750"}],"wp:featuredmedia":[{"embeddable":true,"href":"https:\/\/www.gowork.pl\/blog\/wp-json\/wp\/v2\/media\/42748"}],"wp:attachment":[{"href":"https:\/\/www.gowork.pl\/blog\/wp-json\/wp\/v2\/media?parent=42747"}],"wp:term":[{"taxonomy":"category","embeddable":true,"href":"https:\/\/www.gowork.pl\/blog\/wp-json\/wp\/v2\/categories?post=42747"},{"taxonomy":"post_tag","embeddable":true,"href":"https:\/\/www.gowork.pl\/blog\/wp-json\/wp\/v2\/tags?post=42747"}],"curies":[{"name":"wp","href":"https:\/\/api.w.org\/{rel}","templated":true}]}}