{"id":42171,"date":"2023-09-07T23:35:34","date_gmt":"2023-09-07T21:35:34","guid":{"rendered":"https:\/\/www.gowork.pl\/blog\/?p=42171"},"modified":"2023-09-07T23:35:35","modified_gmt":"2023-09-07T21:35:35","slug":"39-niepewna-przyszlosc-systemu-emerytalnego-najnowsze-dane-zus","status":"publish","type":"post","link":"https:\/\/www.gowork.pl\/blog\/39-niepewna-przyszlosc-systemu-emerytalnego-najnowsze-dane-zus\/","title":{"rendered":"Niepewna przysz\u0142o\u015b\u0107 systemu emerytalnego \u2013 najnowsze dane ZUS"},"content":{"rendered":"\n<p><strong>Nie ulega w\u0105tpliwo\u015bci, \u017ce system emerytalny ma przed sob\u0105 coraz wi\u0119cej wyzwa\u0144. Proces starzenia si\u0119 spo\u0142ecze\u0144stwa staje si\u0119 faktem, co nie daje pozytywnych perspektyw na najbli\u017csze lata. ZUS poda\u0142 najnowsze informacje, wed\u0142ug kt\u00f3rych na emerytur\u0119 w I p\u00f3\u0142roczu 2023 roku przesz\u0142o ponad 164 tys. os\u00f3b.<\/strong><\/p>\n<p><img loading=\"lazy\" class=\"alignnone size-medium wp-image-42172\" src=\"https:\/\/www.gowork.pl\/blog\/wp-content\/uploads\/2023\/09\/Niepewna-przyszlosc-systemu-emerytalnego-600x400.jpg\" alt=\"Niepewna przysz\u0142o\u015b\u0107 systemu emerytalnego\" width=\"600\" height=\"400\" srcset=\"https:\/\/www.gowork.pl\/blog\/wp-content\/uploads\/2023\/09\/Niepewna-przyszlosc-systemu-emerytalnego-600x400.jpg 600w, https:\/\/www.gowork.pl\/blog\/wp-content\/uploads\/2023\/09\/Niepewna-przyszlosc-systemu-emerytalnego-1024x683.jpg 1024w, https:\/\/www.gowork.pl\/blog\/wp-content\/uploads\/2023\/09\/Niepewna-przyszlosc-systemu-emerytalnego-375x250.jpg 375w, https:\/\/www.gowork.pl\/blog\/wp-content\/uploads\/2023\/09\/Niepewna-przyszlosc-systemu-emerytalnego-768x512.jpg 768w, https:\/\/www.gowork.pl\/blog\/wp-content\/uploads\/2023\/09\/Niepewna-przyszlosc-systemu-emerytalnego.jpg 1200w\" sizes=\"(max-width: 600px) 100vw, 600px\" \/><\/p>\n<h2 class=\"western\"><strong>Co czeka emeryt\u00f3w?<\/strong><\/h2>\n<p>Zak\u0142ad Ubezpiecze\u0144 Spo\u0142ecznych poinformowa\u0142, \u017ce w <strong>I p\u00f3\u0142roczu 2023 roku na przej\u015bcie na emerytur\u0119 zdecydowa\u0142o si\u0119 ponad 163,9 tys. os\u00f3b.<\/strong> Odnotowano wi\u0119c w tej kwestii wzrost o 19,2% rok do roku.<\/p>\n<p>Je\u015bli chodzi o ca\u0142y rok 2023, 60 lat uko\u0144czy 234 tys. kobiet, a 65 lat osi\u0105gnie 244 tys. m\u0119\u017cczyzn. To oznacza, \u017ce grupa emeryt\u00f3w mo\u017ce si\u0119 potencjalnie zwi\u0119kszy\u0107 o kolejne 478 tys. os\u00f3b.<\/p>\n<p>Z kolei por\u00f3wnuj\u0105c 163 tys. nowych emeryt\u00f3w do liczby urodze\u0144 w I p\u00f3\u0142roczu 2023 roku, wida\u0107 tu pog\u0142\u0119biaj\u0105cy si\u0119 proces starzenia si\u0119 spo\u0142ecze\u0144stwa. Statystyki GUS wskazuj\u0105, \u017ce w Polsce w analizowanym czasie urodzi\u0142o si\u0119 tylko 139,4 tys. dzieci. W przysz\u0142o\u015bci to one wchodz\u0105c na rynek pracy, b\u0119d\u0105 stanowi\u0107 podstaw\u0119 do wyp\u0142acania \u015bwiadcze\u0144 emerytalnych.<\/p>\n<p>Stosunek pracuj\u0105cych do emeryt\u00f3w, na razie nie jest jeszcze tak krytyczny. Os\u00f3b pracuj\u0105cych jest bowiem 16,85 mln, na kt\u00f3rych przypada 9,33 mln os\u00f3b pobieraj\u0105cych emerytur\u0119. Okazuj\u0119 si\u0119 wi\u0119c, \u017ce <strong>aktualnie na 1 emeryta pracuje 1,8 zatrudnionego pracownika.<\/strong><\/p>\n<p>Bior\u0105c pod uwag\u0119 fakt, \u017ce Polacy na rynek pracy wchodz\u0105 mniej wi\u0119cej w wieku 21-22 lat, a takich os\u00f3b by\u0142o w tym roku 359 tys., jest to liczba niewiele wi\u0119ksza ni\u017c tegorocznych emeryt\u00f3w (164 tys.). W takiej sytuacji stosunek nowych pracownik\u00f3w do os\u00f3b przechodz\u0105cych na <a href=\"https:\/\/www.gowork.pl\/blog\/39-zanizanie-emerytur-senior-moze-sie-odwolac\/\">emerytur\u0119<\/a> wyniesie jedynie 1,1.<\/p>\n<p>Przy za\u0142o\u017ceniu, \u017ce grupa emeryt\u00f3w b\u0119dzie regularnie powi\u0119ksza\u0107 si\u0119 ka\u017cdego roku, nowych pracownik\u00f3w mo\u017ce nie wystarczy\u0107 do pokrycia wydatk\u00f3w zwi\u0105zanych ze \u015bwiadczeniami emerytalnymi. W zwi\u0105zku z tym obecny system bez znacz\u0105cych zmian (zach\u0119ty do wcze\u015bniejszego wej\u015bcia na rynek pracy lub p\u00f3\u017aniejszego przej\u015bcia na emerytur\u0119, zmiana <a href=\"https:\/\/www.gowork.pl\/blog\/39-wiek-emerytalny-w-polsce-czy-beda-zmiany-minister-odpowiada\/\">wieku emerytalnego<\/a> czy obni\u017cka \u015bwiadcze\u0144) b\u0119dzie bardzo trudny do utrzymania w najbli\u017cszych latach.<\/p>\n<h2 class=\"western\"><strong>Obecne \u015bwiadczenia emerytalne<\/strong><\/h2>\n<p>W czasie Forum Ekonomicznego w Karpaczu prezes ZUS prof. Gertruda U\u015bci\u0144ska stwierdzi\u0142a, \u017ce a\u017c 96-97% emeryt\u00f3w pobieraj\u0105cych \u015bwiadczenie z ZUS mie\u015bci si\u0119 w przedziale przeci\u0119tnego wynagrodzenia. <strong>Obecna przeci\u0119tna emerytura wynosi oko\u0142o 2,8 tys. z\u0142.<\/strong><\/p>\n<p>Prezes odnios\u0142a si\u0119 r\u00f3wnie\u017c do bardzo du\u017cych r\u00f3\u017cnic w wysoko\u015bci wyp\u0142acanego \u015bwiadczenia emerytalnego. Przyk\u0142adowo <strong>najni\u017csza emerytura to jeden grosz.<\/strong> Otrzymuje j\u0105 kobieta, kt\u00f3ra pracowa\u0142a na zlecenie i mia\u0142a sta\u017c 1 dzie\u0144, uzyskuj\u0105c kapita\u0142 emerytalny w wysoko\u015bci 2,98 z\u0142.<\/p>\n<p>Z kolei <strong>najwy\u017csz\u0105 emerytur\u0119 otrzymuje zatrudniony w systemie publicznym, kt\u00f3rej kwota wynosi 43 412 z\u0142<\/strong>. M\u0119\u017cczyzna przeszed\u0142 na emerytur\u0119 dopiero w wieku 86 lat, maj\u0105c sta\u017c 67 lat. Jego kapita\u0142 emerytalny osi\u0105gn\u0105\u0142 stawk\u0119 2,4 miliona z\u0142otych.<\/p>\n<p>Prezes Gertruda U\u015bci\u0144ska wskaza\u0142a r\u00f3wnie\u017c na piln\u0105 potrzeb\u0119 zmiany prawa do emerytury. Powinno ono przys\u0142ugiwa\u0107 przy op\u0142acaniu sk\u0142adki d\u0142u\u017cej ni\u017c jeden dzie\u0144. Takie rozwi\u0105zanie wykorzystywane jest w wielu systemach emerytalnych w Europie.<\/p>\n<!-- AddThis Advanced Settings generic via filter on the_content --><!-- AddThis Share Buttons generic via filter on the_content -->","protected":false},"excerpt":{"rendered":"<p>Jaka jest przysz\u0142o\u015b\u0107 systemu emerytalnego? Obecnie na jednego emeryta pracuje 1,8 pracownika, a co zmieni si\u0119 w najbli\u017cszych latach? Jakie s\u0105 obecne emerytury?<!-- AddThis Advanced Settings generic via filter on get_the_excerpt --><!-- AddThis Share Buttons generic via filter on get_the_excerpt --><\/p>\n","protected":false},"author":39,"featured_media":42173,"comment_status":"open","ping_status":"closed","sticky":false,"template":"","format":"standard","meta":[],"categories":[2487],"tags":[3475,3474],"aioseo_notices":[],"_links":{"self":[{"href":"https:\/\/www.gowork.pl\/blog\/wp-json\/wp\/v2\/posts\/42171"}],"collection":[{"href":"https:\/\/www.gowork.pl\/blog\/wp-json\/wp\/v2\/posts"}],"about":[{"href":"https:\/\/www.gowork.pl\/blog\/wp-json\/wp\/v2\/types\/post"}],"author":[{"embeddable":true,"href":"https:\/\/www.gowork.pl\/blog\/wp-json\/wp\/v2\/users\/39"}],"replies":[{"embeddable":true,"href":"https:\/\/www.gowork.pl\/blog\/wp-json\/wp\/v2\/comments?post=42171"}],"version-history":[{"count":1,"href":"https:\/\/www.gowork.pl\/blog\/wp-json\/wp\/v2\/posts\/42171\/revisions"}],"predecessor-version":[{"id":42174,"href":"https:\/\/www.gowork.pl\/blog\/wp-json\/wp\/v2\/posts\/42171\/revisions\/42174"}],"wp:featuredmedia":[{"embeddable":true,"href":"https:\/\/www.gowork.pl\/blog\/wp-json\/wp\/v2\/media\/42173"}],"wp:attachment":[{"href":"https:\/\/www.gowork.pl\/blog\/wp-json\/wp\/v2\/media?parent=42171"}],"wp:term":[{"taxonomy":"category","embeddable":true,"href":"https:\/\/www.gowork.pl\/blog\/wp-json\/wp\/v2\/categories?post=42171"},{"taxonomy":"post_tag","embeddable":true,"href":"https:\/\/www.gowork.pl\/blog\/wp-json\/wp\/v2\/tags?post=42171"}],"curies":[{"name":"wp","href":"https:\/\/api.w.org\/{rel}","templated":true}]}}