{"id":18027,"date":"2020-10-02T13:19:45","date_gmt":"2020-10-02T11:19:45","guid":{"rendered":"https:\/\/www.gowork.pl\/blog\/?p=18027"},"modified":"2025-04-22T10:18:44","modified_gmt":"2025-04-22T08:18:44","slug":"20-pracowitosc-i-starannosc-osoby-o-tych-imionach-sa-skazane-na-sukces","status":"publish","type":"post","link":"https:\/\/www.gowork.pl\/blog\/20-pracowitosc-i-starannosc-osoby-o-tych-imionach-sa-skazane-na-sukces\/","title":{"rendered":"Czy imi\u0119 mog\u0119 gwarantowa\u0107 sukces? Pracowito\u015b\u0107 i staranno\u015b\u0107 &#8211; osoby o tych imionach s\u0105 skazane na sukces!"},"content":{"rendered":"\n<p><strong>Pracowito\u015b\u0107 i staranno\u015b\u0107 to cechy wybitnych profesjonalist\u00f3w. Cho\u0107 warto nad nimi pracowa\u0107, to okazuje si\u0119, \u017ce osoby o tych imionach maj\u0105 je we krwi! Sprawd\u017acie, czy Wasze imi\u0119 gwarantuje Wam spektakularn\u0105 karier\u0119.<\/strong><\/p>\n<h2><strong>Masz tak na imi\u0119? Pracowito\u015bci\u0105 i staranno\u015bci\u0105 nikt Ci nie dor\u00f3wna!<\/strong><\/h2>\n<p><strong>Pracowito\u015b\u0107 i staranno\u015b\u0107<\/strong> &#8211; tego nie mo\u017ce zabrakn\u0105\u0107 u os\u00f3b, kt\u00f3re chc\u0105 zrobi\u0107 wielk\u0105 karier\u0119. Cho\u0107 nad swoim charakterem mo\u017cna pracowa\u0107 ca\u0142e \u017cycie, okazuje si\u0119, \u017ce osoby o pewnych imionach maj\u0105 wi\u0119ksze predyspozycje do odniesienia sukcesu, ni\u017c inne. Dawniej nasze imiona uosabia\u0142y konkretne <strong>cechy charakteru<\/strong>, a nadaj\u0105c dziecku imi\u0119 wierzono, \u017ce b\u0119dzie mia\u0142o ono wp\u0142yw na jego przysz\u0142o\u015b\u0107.<\/p>\n<p>Ta zasada sprawdza si\u0119 i dzi\u015b! Czy Wasze imi\u0119 znajduje si\u0119 na li\u015bcie najbardziej pracowitych os\u00f3b? Podpowiadamy, jakie <a href=\"https:\/\/www.gowork.pl\/praca\">oferty pracy<\/a> idealnie do Was pasuj\u0105.<\/p>\n<h2><strong>Pracowito\u015b\u0107 i staranno\u015b\u0107 cechuje zw\u0142aszcza \u0141ukasza i Emili\u0119<\/strong><\/h2>\n<p>Komu jest wi\u0119c pisana wspania\u0142a kariera, kto mo\u017ce z pewno\u015bci\u0105 definiowa\u0107 si\u0119 jako <strong>osoba pracowita<\/strong>? Na pewno mog\u0105 na ni\u0105 liczy\u0107 wszystkie Emilie! Osoby o tym imieniu wyr\u00f3\u017cniaj\u0105 sk\u0142onno\u015bci do po\u015bwi\u0119ce\u0144 oraz bezinteresownej pomocy s\u0142abszym. Dzi\u0119ki swojej empatii i wra\u017cliwo\u015bci, Emilia nigdy nie zostawi \u017cadnego wsp\u00f3\u0142pracownika bez wsparcia.<\/p>\n<p><strong>Pracowito\u015b\u0107 jako cecha charakteru<\/strong> to zdecydowanie jej mocna strona. W po\u0142\u0105czeniu z jej zdolno\u015bciami komunikacyjnymi (nikt lepiej nie wyt\u0142umaczy zespo\u0142owi zawi\u0142o\u015bci nowego projektu!) to doskona\u0142a mieszanka! Emilia \u015bwietnie odnajdzie si\u0119 w zawodzie lekarza, piel\u0119gniarki, nauczycielki czy pracownika fundacji. W jej obecno\u015bci wszyscy czuj\u0105 si\u0119 bezpiecznie!<\/p>\n<p>Nie inaczej jest z \u0141ukaszami. Systematyczni i rozwa\u017cni, odznaczaj\u0105 si\u0119 du\u017c\u0105 punktualno\u015bci\u0105, a tak\u017ce cierpliwo\u015bci\u0105. Pilny, dobrze zorganizowany i pe\u0142en spokoju, \u0141ukasz zawsze znajdzie chwil\u0119, aby \u0142agodnie wyt\u0142umaczy\u0107 komu\u015b nowe obowi\u0105zki. Cho\u0107 osoby o tym imieniu nale\u017c\u0105 raczej do bardziej skrytych, dobrze znaj\u0105 swoj\u0105 warto\u015b\u0107 w firmie. S\u0142usznie!<\/p>\n<p>\u0141ukasz z \u0142atwo\u015bci\u0105 odnajdzie si\u0119 w zawodach zwi\u0105zanych z bran\u017c\u0105 IT, a tak\u017ce na stanowiskach technicznych. Jego obiektywizm b\u0119dzie tam niezast\u0105piony!<\/p>\n<h2>Pracowito\u015b\u0107 &#8211; definicja<\/h2>\n<p><span style=\"font-weight: 400;\">Pracowito\u015b\u0107 to nic innego, jak du\u017cy zapas ch\u0119ci i zapa\u0142u do pracy. Mie\u0107 w zespole osoby odznaczaj\u0105ce si\u0119 <strong>pracowito\u015bci\u0105 i staranno\u015bci\u0105<\/strong> to prawdziwe szcz\u0119\u015bcie! Dlatego je\u015bli w\u015br\u00f3d Waszych wsp\u00f3\u0142pracownik\u00f3w znajduje si\u0119 osoba o imieniu Adam, mo\u017cecie si\u0119 tylko cieszy\u0107.<\/span><\/p>\n<p><span style=\"font-weight: 400;\">Na Adama zawsze mo\u017cna liczy\u0107, a to dlatego, \u017ce to osoba, kt\u00f3ra \u0142atwo si\u0119 nie poddaje i potrafi wyci\u0105ga\u0107 wnioski nawet z pora\u017cek. Zawsze zadba o to, aby mie\u0107 jasno okre\u015blony cel i konsekwentnie do niego d\u0105\u017cy\u0107. Cechuje ich tak\u017ce <a href=\"https:\/\/www.gowork.pl\/blog\/20-profesjonalne-zachowanie-w-pracy-5-sposobow-jak-stac-sie-profesjonalista-w-kazdym-calu\/\">profesjonalizm w pracy<\/a>, up\u00f3r i silna motywacja do dzia\u0142ania. Cho\u0107 w wolnym czasie lubi\u0105 dba\u0107 o ogr\u00f3d i zwierzaki, w pracy najlepiej odnajd\u0105 si\u0119 na stanowiskach mened\u017cerskich lub jako prawnicy.<\/span><\/p>\n<p><span style=\"font-weight: 400;\">Osob\u0105, kt\u00f3ra r\u00f3wnie\u017c potrafi ci\u0119\u017cko i uczciwie pracowa\u0107, jest Marlena. Panie o tym imieniu potrafi\u0105 tak\u017ce nie\u017ale zaszale\u0107 w wolnym czasie i zachowanie work &#8211; life balance jest dla nich bardzo wa\u017cne.\u00a0 <strong>Pracowite<\/strong> Marleny silnie anga\u017cuj\u0105 si\u0119 w swoje obowi\u0105zki, ale zdaj\u0105 sobie spraw\u0119, jak wa\u017cne jest w tym celu dba\u0107 r\u00f3wnie\u017c o swoje \u017cycie prywatne i wypoczynek.\u00a0<\/span><\/p>\n<p><span style=\"font-weight: 400;\">Warto bra\u0107 z nich przyk\u0142ad! Szczeg\u00f3lnie, \u017ce to one dbaj\u0105 o to, aby w zespole zachowa\u0107 r\u00f3wnowag\u0119 i unika\u0107 konflikt\u00f3w.<\/span><\/p>\n<h2><strong>Pracowito\u015b\u0107 &#8211; poszukiwana cecha charakteru<\/strong><\/h2>\n<p>Osoby pracowite ceni si\u0119 i w pracy, i w \u017cyciu. Dobrze pracuje si\u0119 r\u00f3wnie\u017c z Gabriel\u0105. Kobiety o tym imieniu to prawdziwe uosobienie <strong>definicji pracowito\u015bci<\/strong>! Cechuje je te\u017c du\u017ca niezale\u017cno\u015b\u0107, dlatego w pracy najwi\u0119cej wymagaj\u0105 od samych siebie, co pozytywnie wp\u0142ywa na osi\u0105gane przez nie wyniki.<\/p>\n<p>S\u0105 \u015bwietnymi multitaskerkami, a ich ambicja pozwala im nie tylko odnosi\u0107 sukcesy w pracy ale i nawet zdobywa\u0107 dodatkowe zlecenia. Wszystko dzi\u0119ki realistycznemu spojrzeniu na \u015bwiat. Gabriele dobrze wiedz\u0105, co mo\u017ce si\u0119 uda\u0107, a co nie i dzi\u0119ki temu nie zawodz\u0105. S\u0105 bardzo wszechstronne, wi\u0119c odnajd\u0105 si\u0119 zar\u00f3wno w pracy umys\u0142owej, jak i fizycznej.<\/p>\n<p>Lucyny lubi\u0105 za to przede wszystkim pomaga\u0107 innym. To w\u0142a\u015bnie osoby o tym imieniu s\u0105 najlepszymi opiekunkami zespo\u0142u. Zawsze gotowe, aby doradzi\u0107 w trudnej sprawie lub podsun\u0105\u0107 nowe rozwi\u0105zanie problemu, Lucyny zawsze s\u0105 dobrze przygotowane do swoich zada\u0144.<\/p>\n<p>Wsp\u00f3\u0142pracownicy szczeg\u00f3lnie doceniaj\u0105 ich ciep\u0142\u0105 i \u017cyczliw\u0105 osobowo\u015b\u0107, dzi\u0119ki kt\u00f3rej na<strong> pracowit\u0105 i starann\u0105<\/strong> Lucyn\u0119 zawsze mo\u017cna liczy\u0107. Ch\u0119tnie dziel\u0105 si\u0119 swoj\u0105 wiedz\u0105 i do\u015bwiadczeniem, co czyni z nich idealne kandydatki do pracy w obszarze medycyny lub opieki spo\u0142ecznej. Uwaga, wyjazd za granic\u0119 mo\u017ce okaza\u0107 si\u0119 dla nich wielk\u0105 szans\u0105 na mi\u0119dzynarodow\u0105 karier\u0119!<\/p>\n<h3><strong>Jak wp\u0142ywa znaczenie imienia na osobowo\u015b\u0107 i sukces zawodowy?<\/strong><\/h3>\n<p>Wyb\u00f3r imienia mo\u017ce mie\u0107 znaczenie symboliczne, ale dla wielu os\u00f3b <strong>znaczenie imienia<\/strong> jest tak\u017ce silnie zwi\u0105zane z ich charakterem oraz predyspozycjami do osi\u0105gania sukces\u00f3w zawodowych. Badania pokazuj\u0105, \u017ce osoby o imionach kojarzonych z <strong>pracowito\u015bci\u0105<\/strong> i <strong>staranno\u015bci\u0105<\/strong> cz\u0119sto przywi\u0105zuj\u0105 wi\u0119ksz\u0105 wag\u0119 do obowi\u0105zk\u00f3w zawodowych, wykazuj\u0105c determinacj\u0119 i odpowiedzialno\u015b\u0107 w wykonywaniu zada\u0144.<\/p>\n<p>Dlatego <strong>osoby o imionach takich jak Anna czy Jakub<\/strong> mog\u0105 zyska\u0107 przewag\u0119, gdy\u017c te imiona od dawna kojarzone s\u0105 z <strong>precyzj\u0105 i rzetelno\u015bci\u0105<\/strong>.<\/p>\n<hr \/>\n<h3><strong>Imiona zwi\u0105zane z sukcesem zawodowym: Co m\u00f3wi psychologia?<\/strong><\/h3>\n<p><strong>Psychologia imion<\/strong> to dziedzina badaj\u0105ca wp\u0142yw nazw osobowych na nasze zachowania i spos\u00f3b, w jaki jeste\u015bmy postrzegani przez innych. Imiona, kt\u00f3re <strong>kojarz\u0105 si\u0119 z pozytywnymi cechami<\/strong>, takimi jak odpowiedzialno\u015b\u0107, <strong>pracowito\u015b\u0107<\/strong> czy <strong>sumienno\u015b\u0107<\/strong>, mog\u0105 sprawi\u0107, \u017ce ich posiadacze s\u0105 cz\u0119\u015bciej wybierani do odpowiedzialnych stanowisk w pracy. Badania wskazuj\u0105, \u017ce ludzie cz\u0119sto oceniaj\u0105 osobowo\u015b\u0107 na podstawie <strong>imienia<\/strong>, co wp\u0142ywa na relacje zawodowe i szanse na awans.<\/p>\n<hr \/>\n<h3><strong>Czy imi\u0119 mo\u017ce wp\u0142ywa\u0107 na \u015bcie\u017ck\u0119 kariery?<\/strong><\/h3>\n<p>Niezale\u017cnie od tego, czy wierzymy w znaczenie imion, badania pokazuj\u0105, \u017ce spo\u0142eczne skojarzenia z danymi imionami mog\u0105 wp\u0142ywa\u0107 na <strong>\u015bcie\u017ck\u0119 kariery<\/strong>. Imiona, kt\u00f3re wywo\u0142uj\u0105 <strong>pozytywne emocje<\/strong>, mog\u0105 pom\u00f3c w budowaniu autorytetu w miejscu pracy, co przek\u0142ada si\u0119 na szybszy rozw\u00f3j zawodowy. Co ciekawe, osoby o imionach takich jak <strong>Maria<\/strong> czy <strong>Piotr<\/strong> cz\u0119\u015bciej s\u0105 kojarzone z <strong>kompetencjami lider\u00f3w<\/strong>, co wp\u0142ywa na ich pozycj\u0119 w zespole i firmie.<\/p>\n<h2 data-start=\"237\" data-end=\"925\"><strong data-start=\"237\" data-end=\"291\">Jak rozwija\u0107 pracowito\u015b\u0107 i staranno\u015b\u0107 na co dzie\u0144?<\/strong><\/h2>\n<p class=\"\" data-start=\"237\" data-end=\"925\">Pracowito\u015b\u0107 i staranno\u015b\u0107 to nie tylko cechy przypisywane \u201ez urodzenia\u201d. To kompetencje, kt\u00f3re mo\u017cna rozwija\u0107 ka\u017cdego dnia poprzez konsekwencj\u0119, samodyscyplin\u0119 i dobre nawyki. Warto zacz\u0105\u0107 od planowania \u2013 codzienna lista zada\u0144 i realne cele pomagaj\u0105 w utrzymaniu porz\u0105dku w obowi\u0105zkach. Kluczowe jest r\u00f3wnie\u017c wyci\u0105ganie wniosk\u00f3w z b\u0142\u0119d\u00f3w i niepowodze\u0144 \u2013 nie jako pora\u017cka, lecz okazja do nauki. Staranno\u015b\u0107 przejawia si\u0119 te\u017c w dba\u0142o\u015bci o detale \u2013 nawet drobne rzeczy warto wykonywa\u0107 dok\u0142adnie, co procentuje w d\u0142u\u017cszej perspektywie. Regularna refleksja nad jako\u015bci\u0105 swojej pracy pozwala utrzyma\u0107 wysoki standard niezale\u017cnie od bran\u017cy.<\/p>\n<h2 data-start=\"927\" data-end=\"1644\"><strong data-start=\"927\" data-end=\"998\">Dlaczego pracowito\u015b\u0107 i staranno\u015b\u0107 s\u0105 tak cenione przez pracodawc\u00f3w?<\/strong><\/h2>\n<p class=\"\" data-start=\"927\" data-end=\"1644\">Pracodawcy coraz cz\u0119\u015bciej szukaj\u0105 nie tylko wykwalifikowanych specjalist\u00f3w, ale przede wszystkim os\u00f3b, kt\u00f3re cechuje wysoki poziom zaanga\u017cowania i odpowiedzialno\u015bci. Pracowito\u015b\u0107 oznacza gotowo\u015b\u0107 do podejmowania wysi\u0142ku, nawet w trudnych okoliczno\u015bciach. Staranno\u015b\u0107 z kolei zapewnia, \u017ce powierzona praca zostanie wykonana rzetelnie. Te cechy przek\u0142adaj\u0105 si\u0119 na jako\u015b\u0107 us\u0142ug i produkt\u00f3w, a tym samym na zadowolenie klient\u00f3w. W efekcie pracownik, kt\u00f3ry je reprezentuje, staje si\u0119 warto\u015bciowym ogniwem zespo\u0142u \u2013 kim\u015b, na kim mo\u017cna polega\u0107 nawet w sytuacjach kryzysowych. Tacy ludzie s\u0105 te\u017c cz\u0119\u015bciej awansowani i anga\u017cowani w strategiczne projekty.<\/p>\n<p>\u0179r\u00f3d\u0142o zdj\u0119cia: https:\/\/pl.123rf.com\/photo_99540025_spotkanie-z-chi%C5%84skimi-biznesmenami-w-garniturach-w-biurze-m%C4%99%C5%BCczy%C5%BAni-korzystaj%C4%85-z-wirtualnej.html<\/p>\n<p>\u00a0<\/p>\n<!-- AddThis Advanced Settings generic via filter on the_content --><!-- AddThis Share Buttons generic via filter on the_content -->","protected":false},"excerpt":{"rendered":"<p>Pracowito\u015b\u0107 i staranno\u015b\u0107 to cechy wybitnych profesjonalist\u00f3w. Cho\u0107 warto nad nimi pracowa\u0107, to okazuje si\u0119, \u017ce osoby o tych imionach maj\u0105 je we krwi! Sprawd\u017acie, czy Wasze imi\u0119 gwarantuje Wam spektakularn\u0105 karier\u0119. Masz tak na imi\u0119? Pracowito\u015bci\u0105 i staranno\u015bci\u0105 nikt Ci nie dor\u00f3wna! Pracowito\u015b\u0107 i staranno\u015b\u0107 &#8211; tego nie mo\u017ce zabrakn\u0105\u0107 u os\u00f3b, kt\u00f3re chc\u0105 [&hellip;]<!-- AddThis Advanced Settings generic via filter on get_the_excerpt --><!-- AddThis Share Buttons generic via filter on get_the_excerpt --><\/p>\n","protected":false},"author":20,"featured_media":51693,"comment_status":"open","ping_status":"closed","sticky":false,"template":"","format":"standard","meta":[],"categories":[1],"tags":[],"aioseo_notices":[],"_links":{"self":[{"href":"https:\/\/www.gowork.pl\/blog\/wp-json\/wp\/v2\/posts\/18027"}],"collection":[{"href":"https:\/\/www.gowork.pl\/blog\/wp-json\/wp\/v2\/posts"}],"about":[{"href":"https:\/\/www.gowork.pl\/blog\/wp-json\/wp\/v2\/types\/post"}],"author":[{"embeddable":true,"href":"https:\/\/www.gowork.pl\/blog\/wp-json\/wp\/v2\/users\/20"}],"replies":[{"embeddable":true,"href":"https:\/\/www.gowork.pl\/blog\/wp-json\/wp\/v2\/comments?post=18027"}],"version-history":[{"count":11,"href":"https:\/\/www.gowork.pl\/blog\/wp-json\/wp\/v2\/posts\/18027\/revisions"}],"predecessor-version":[{"id":60394,"href":"https:\/\/www.gowork.pl\/blog\/wp-json\/wp\/v2\/posts\/18027\/revisions\/60394"}],"wp:featuredmedia":[{"embeddable":true,"href":"https:\/\/www.gowork.pl\/blog\/wp-json\/wp\/v2\/media\/51693"}],"wp:attachment":[{"href":"https:\/\/www.gowork.pl\/blog\/wp-json\/wp\/v2\/media?parent=18027"}],"wp:term":[{"taxonomy":"category","embeddable":true,"href":"https:\/\/www.gowork.pl\/blog\/wp-json\/wp\/v2\/categories?post=18027"},{"taxonomy":"post_tag","embeddable":true,"href":"https:\/\/www.gowork.pl\/blog\/wp-json\/wp\/v2\/tags?post=18027"}],"curies":[{"name":"wp","href":"https:\/\/api.w.org\/{rel}","templated":true}]}}