{"id":16624,"date":"2020-06-01T13:32:41","date_gmt":"2020-06-01T11:32:41","guid":{"rendered":"https:\/\/www.gowork.pl\/blog\/?p=16624"},"modified":"2024-10-03T13:31:37","modified_gmt":"2024-10-03T11:31:37","slug":"powrot-do-biura-po-pandemii","status":"publish","type":"post","link":"https:\/\/www.gowork.pl\/blog\/powrot-do-biura-po-pandemii\/","title":{"rendered":"Powr\u00f3t do biura po pandemii &#8211; co teraz?"},"content":{"rendered":"<p>Decyzja zapad\u0142a. Cz\u0119\u015b\u0107 pracownik\u00f3w (lub wszyscy) wr\u00f3ci nied\u0142ugo do pracy w biurze. Warto wcze\u015bniej zaplanowa\u0107 i podj\u0105\u0107 pewne kroki, kt\u00f3re pomog\u0105 im szybciej odnale\u017a\u0107 si\u0119 w tej nowej rzeczywisto\u015bci. Dzi\u0119ki temu wzro\u015bnie tak\u017ce poczucie bezpiecze\u0144stwa.<\/p>\n<p>Z tego artyku\u0142u dowiesz si\u0119, jakie dzia\u0142ania firma mo\u017ce podj\u0105\u0107, by u\u0142atwi\u0107 pracownikom <strong>powr\u00f3t do biura po pandemii<\/strong> koronawirusa.<\/p>\n<h2>Powr\u00f3t do biura po pandemii koronawirusa &#8211; wskaz\u00f3wki dla pracodawc\u00f3w<\/h2>\n<h3>Po pierwsze &#8211; komunikacja<\/h3>\n<p>Poinformuj pracownik\u00f3w z wyprzedzeniem o planowanym <strong>powrocie do biura,<\/strong> a tak\u017ce o zasadach sanitarnych, jakie b\u0119d\u0105 panowa\u0142y w miejscu pracy. Dzi\u0119ki temu zyskaj\u0105 czas, by oswoi\u0107 si\u0119 z t\u0105 wie\u015bci\u0105. Rozs\u0105dnie dawkuj informacje &#8211; nie pisz wszystkiego w jednym mailu. Zacznij od wiadomo\u015bci o <strong>powrocie do biura <\/strong>wraz z zaplanowan\u0105 dat\u0105 oraz og\u00f3lnymi informacjami o organizacji pracy &#8211; szczeg\u00f3lnie, je\u015bli w pierwszych tygodniach firma b\u0119dzie funkcjonowa\u0107 w trybie rotacyjnym. Po kilku dniach wy\u015blij do wszystkich wiadomo\u015b\u0107, w kt\u00f3rej przedstawisz wi\u0119cej szczeg\u00f3\u0142\u00f3w.<\/p>\n<h3>Wsparcie emocjonalne<\/h3>\n<p>Zar\u00f3wno pandemia, jak i kryzys ni\u0105 wywo\u0142any sk\u0142adaj\u0105 si\u0119 na do\u015bwiadczenie wydarzenia krytycznego w skali globalnej. Dla wielu os\u00f3b ryzyko zachorowania by\u0142o i jest nadal \u017ar\u00f3d\u0142em silnego stresu. Niekt\u00f3rzy mog\u0105 obawia\u0107 si\u0119 konfrontacji z now\u0105 rzeczywisto\u015bci\u0105. W codziennej komunikacji niezwykle wa\u017cna jest teraz empatia, wyrozumia\u0142o\u015b\u0107, a tak\u017ce otwarto\u015b\u0107 na rozmow\u0119. M\u00f3wienie o emocjach w sytuacji stresowej pozwala lepiej sobie z nimi radzi\u0107. Postaw wi\u0119c na empatyczn\u0105 komunikacj\u0119: tak samo jak wtedy, kiedy kryzys si\u0119 zaczyna\u0142.<\/p>\n<h3>Czas na wdro\u017cenie si\u0119<\/h3>\n<p><strong>Powr\u00f3t do pracy<\/strong> po tak d\u0142ugiej przerwie wi\u0105\u017ce si\u0119 ze zmian\u0105 stylu \u017cycia, a w wielu przypadkach tak\u017ce rytmu dobowego. Nie nale\u017cy wi\u0119c oczekiwa\u0107 pe\u0142nej produktywno\u015bci w pierwszym dniu po <strong>powrocie do biura.<\/strong> Zamiast tego, lepiej postawi\u0107 na reintegracj\u0119 &#8211; na przyk\u0142ad w formie spotka\u0144 zespo\u0142owych przy porannej kawie. Pami\u0119taj, \u017ce cz\u0119\u015b\u0107 os\u00f3b mo\u017ce w tej sytuacji odczuwa\u0107 silny stres. Ponowna adaptacja nie zajmie wiele czasu, je\u015bli pracownicy spotkaj\u0105 si\u0119 ze zrozumieniem.<\/p>\n<h3>Nowe procedury<\/h3>\n<p>Je\u017celi z r\u00f3\u017cnych wzgl\u0119d\u00f3w cz\u0119\u015b\u0107 pracownik\u00f3w wola\u0142oby zosta\u0107 na home office, a specyfika ich stanowisk umo\u017cliwia wykonywanie obowi\u0105zk\u00f3w bez przeszk\u00f3d w trybie zdalnym, warto da\u0107 im mo\u017cliwo\u015b\u0107 wyboru. Przywilej ten mo\u017ce si\u0119 okaza\u0107 szczeg\u00f3lnie wa\u017cny w przypadku os\u00f3b z grupy ryzyka &#8211; np. starszych lub przewlekle chorych. Natomiast w przypadku objaw\u00f3w przezi\u0119bienia, najlepiej zawsze wysy\u0142a\u0107 pracownik\u00f3w na prac\u0119 zdaln\u0105.<\/p>\n<p>Wyja\u015bnij pracownikom, czego mog\u0105 si\u0119 spodziewa\u0107 <strong>po powrocie do biura.<\/strong> By u\u0142atwi\u0107 wszystkim stosowanie si\u0119 do wytycznych, umie\u015b\u0107 w siedzibie firmy plakaty z infografikami. Je\u017celi zostanie wprowadzona kontrola objaw\u00f3w przed wej\u015bciem do biura, przedstaw plan, w jaki spos\u00f3b b\u0119dzie si\u0119 to odbywa\u0142o. Pami\u0119taj, \u017ce informacje o stanie zdrowia pracownik\u00f3w nie mog\u0105 by\u0107 nigdzie rejestrowane.<\/p>\n<p>Wed\u0142ug <a href=\"https:\/\/www.gov.pl\/web\/koronawirus\/aktualne-zasady-i-ograniczenia\">oficjalnych zalece\u0144 rz\u0105du,<\/a> maseczki nie s\u0105 wymagane w przypadku os\u00f3b pracuj\u0105cych w miejscach, do kt\u00f3rego nie maj\u0105 wst\u0119pu osoby z zewn\u0105trz. Je\u017celi natomiast w firmie przyjmowani s\u0105 zewn\u0119trzni interesariusze (np. klienci), w\u00f3wczas istnieje taka konieczno\u015b\u0107. Maseczki mog\u0105 by\u0107 wtedy zast\u0105pione przez przy\u0142bic\u0119, je\u015bli stanowisko pracy (np. kasa) oddzielone jest dodatkowo \u015bciank\u0105 pleksi. Ponadto stanowiska pracy powinny by\u0107 regularnie dezynfekowane.<\/p>\n<p>W przypadku biura, warto rozwa\u017cy\u0107 wprowadzenie systemu rotacyjnego, je\u017celi przynajmniej cz\u0119\u015b\u0107 pracownik\u00f3w mo\u017ce pracowa\u0107 w trybie zdalnym. Dzi\u0119ki temu w tym samym czasie w pomieszczeniu b\u0119dzie przebywa\u0142a mniejsza liczba os\u00f3b.<\/p>\n<p>Je\u017celi w firmie znajduje si\u0119 kuchnia lub sto\u0142\u00f3wka, konieczne jest wprowadzenie ogranicze\u0144 z korzystania, aby unikn\u0105\u0107 gromadzenia si\u0119 zbyt wielu os\u00f3b w jednym miejscu. Mo\u017cna zastosowa\u0107 system rotacyjny lub wydawanie posi\u0142k\u00f3w do spo\u017cycia przy biurku.<\/p>\n<p>Je\u017celi to mo\u017cliwe, nale\u017cy tak\u017ce zwi\u0119kszy\u0107 odst\u0119p pomi\u0119dzy biurkami lub stanowiskami pracy &#8211; oficjalny wym\u00f3g to minimum 1,5 metra. Trzeba r\u00f3wnie\u017c zapewni\u0107 ka\u017cdemu mo\u017cliwo\u015b\u0107 skorzystania ze \u015brodk\u00f3w dezynfekuj\u0105cych lub r\u0119kawiczek.<\/p>\n<h3>Pakiet powitalny<\/h3>\n<p>Rozwa\u017c przygotowanie welcome packa dla wszystkich pracownik\u00f3w, kt\u00f3rzy <strong>wracaj\u0105 do biura po pandemii.<\/strong> W pakiecie powitalnym mog\u0142yby si\u0119 znale\u017a\u0107 podstawowe \u015brodki ochrony zdrowia, powszechnie stosowane podczas pandemii:<\/p>\n<ul>\n<li>\u015arodki do dezynfekcji na bazie alkoholu &#8211; wed\u0142ug <a href=\"https:\/\/www.who.int\/infection-prevention\/campaigns\/clean-hands\/en\/\">zalece\u0144 WHO,<\/a> minimum 60%<\/li>\n<li>Wielorazowe maseczki<\/li>\n<li>Jedno lub wielorazowe r\u0119kawiczki<\/li>\n<\/ul>\n<p>Jest to wyraz troski o zdrowie os\u00f3b, kt\u00f3re ka\u017cdego dnia doje\u017cd\u017caj\u0105 do siedziby firmy &#8211; szczeg\u00f3lnie tych, kt\u00f3re korzystaj\u0105 z publicznego transportu zbiorowego. Dzia\u0142anie to mo\u017cna tak\u017ce potraktowa\u0107 jako form\u0119 promowania odpowiedzialnego wizerunku pracodawcy, kt\u00f3ry dba o bezpiecze\u0144stwo swoich pracownik\u00f3w. W tym celu warto zam\u00f3wi\u0107 spersonalizowane maseczki lub r\u0119kawiczki z logo firmy.<\/p>\n<p>Pami\u0119taj, \u017ce pomimo zniesienia ogranicze\u0144, sam koronawirus zostanie z nami jeszcze przez jaki\u015b czas. Trzeba by\u0107 przygotowanym na ewentualn\u0105 drug\u0105 fal\u0119 &#8211; dlatego ju\u017c teraz firma powinna opracowa\u0107 procedury, by nie da\u0107 si\u0119 zaskoczy\u0107. Pewne do\u015bwiadczenie ju\u017c masz &#8211; skorzystaj z niego. Zweryfikujcie co si\u0119 sprawdzi\u0142o, a co nie, by nast\u0119pnym razem zareagowa\u0107 jeszcze skuteczniej. Poinformuj pracownik\u00f3w o planie B na wypadek nawrotu epidemii &#8211; jak si\u0119 przygotowa\u0107 oraz jak firma b\u0119dzie reagowa\u0142a w razie nawrotu epidemii i lockdownu.<\/p>\n<p>\u0179r\u00f3d\u0142o zdj\u0119cia: https:\/\/pl.123rf.com\/photo_96965444_kobieta-biznesu-boi-si%C4%99-wirusa-i-nosi-mask%C4%99-na-twarz-bia%C5%82e-t%C5%82o-miejsce-na-kopi%C4%99.html<\/p>\n<!-- AddThis Advanced Settings generic via filter on the_content --><!-- AddThis Share Buttons generic via filter on the_content -->","protected":false},"excerpt":{"rendered":"<p>Decyzja zapad\u0142a. Cz\u0119\u015b\u0107 pracownik\u00f3w (lub wszyscy) wr\u00f3ci nied\u0142ugo do pracy w biurze. Warto wcze\u015bniej zaplanowa\u0107 i podj\u0105\u0107 pewne kroki, kt\u00f3re pomog\u0105 im szybciej odnale\u017a\u0107 si\u0119 w tej nowej rzeczywisto\u015bci. Dzi\u0119ki temu wzro\u015bnie tak\u017ce poczucie bezpiecze\u0144stwa. Z tego artyku\u0142u dowiesz si\u0119, jakie dzia\u0142ania firma mo\u017ce podj\u0105\u0107, by u\u0142atwi\u0107 pracownikom powr\u00f3t do biura po pandemii koronawirusa. Powr\u00f3t [&hellip;]<!-- AddThis Advanced Settings generic via filter on get_the_excerpt --><!-- AddThis Share Buttons generic via filter on get_the_excerpt --><\/p>\n","protected":false},"author":1,"featured_media":52241,"comment_status":"open","ping_status":"closed","sticky":false,"template":"","format":"standard","meta":[],"categories":[5],"tags":[],"aioseo_notices":[],"_links":{"self":[{"href":"https:\/\/www.gowork.pl\/blog\/wp-json\/wp\/v2\/posts\/16624"}],"collection":[{"href":"https:\/\/www.gowork.pl\/blog\/wp-json\/wp\/v2\/posts"}],"about":[{"href":"https:\/\/www.gowork.pl\/blog\/wp-json\/wp\/v2\/types\/post"}],"author":[{"embeddable":true,"href":"https:\/\/www.gowork.pl\/blog\/wp-json\/wp\/v2\/users\/1"}],"replies":[{"embeddable":true,"href":"https:\/\/www.gowork.pl\/blog\/wp-json\/wp\/v2\/comments?post=16624"}],"version-history":[{"count":4,"href":"https:\/\/www.gowork.pl\/blog\/wp-json\/wp\/v2\/posts\/16624\/revisions"}],"predecessor-version":[{"id":52242,"href":"https:\/\/www.gowork.pl\/blog\/wp-json\/wp\/v2\/posts\/16624\/revisions\/52242"}],"wp:featuredmedia":[{"embeddable":true,"href":"https:\/\/www.gowork.pl\/blog\/wp-json\/wp\/v2\/media\/52241"}],"wp:attachment":[{"href":"https:\/\/www.gowork.pl\/blog\/wp-json\/wp\/v2\/media?parent=16624"}],"wp:term":[{"taxonomy":"category","embeddable":true,"href":"https:\/\/www.gowork.pl\/blog\/wp-json\/wp\/v2\/categories?post=16624"},{"taxonomy":"post_tag","embeddable":true,"href":"https:\/\/www.gowork.pl\/blog\/wp-json\/wp\/v2\/tags?post=16624"}],"curies":[{"name":"wp","href":"https:\/\/api.w.org\/{rel}","templated":true}]}}