{"id":10980,"date":"2017-12-29T08:44:12","date_gmt":"2017-12-29T07:44:12","guid":{"rendered":"https:\/\/www.gowork.pl\/blog\/?p=10980"},"modified":"2024-04-26T15:13:15","modified_gmt":"2024-04-26T13:13:15","slug":"szybkie-rekrutacje-na-targach-pracy-we-wroclawiu","status":"publish","type":"post","link":"https:\/\/www.gowork.pl\/blog\/szybkie-rekrutacje-na-targach-pracy-we-wroclawiu\/","title":{"rendered":"Szybkie rekrutacje na targach pracy we Wroc\u0142awiu"},"content":{"rendered":"<p class=\"western\" style=\"text-align: justify;\" align=\"justify\"><span style=\"color: #000000;\"><span style=\"font-size: medium;\"><strong>12 grudnia 2017 roku we wtorek w Wy\u017cszej Szkole Bankowej we Wroc\u0142awiu, odby\u0142a si\u0119 15. edycja Targ\u00f3w Pracy. Innowacj\u0105 tego wydarzenia, kt\u00f3re ma miejsce cyklicznie w tym mie\u015bcie, by\u0142y tym razem tzw. szybkie rekrutacje. Kogo poszukiwali pracodawcy i jakie szanse na przekonanie do siebie rekruter\u00f3w mieli potencjalni pracownicy?<\/strong><\/span><!--more--><\/span><\/p>\n<h2 class=\"western\" style=\"text-align: justify;\" align=\"justify\"><span style=\"font-size: 24px; color: #000000;\"><strong>O targach pracy<\/strong><\/span><\/h2>\n<p class=\"western\" style=\"text-align: justify;\" align=\"justify\"><span style=\"font-size: medium; color: #000000;\">Po raz 15. we Wroc\u0142awiu odbywa\u0142y si\u0119 Targi Pracy w Wy\u017cszej Szkole Bankowej. W tym czasie parter budynku A nale\u017c\u0105cego do Wy\u017cszej Szko\u0142y Bankowej przy ul. Fabrycznej zosta\u0142 podzielony na trzy strefy:<\/span><\/p>\n<ul style=\"text-align: justify;\">\n<li>\n<p align=\"justify\"><span style=\"font-size: medium; color: #000000;\">wystawiennicz\u0105 ze stoiskami firm,<\/span><\/p>\n<\/li>\n<li>\n<p align=\"justify\"><span style=\"font-size: medium; color: #000000;\">wystawiennicz\u0105 \u2013 przeznaczon\u0105 dla dzia\u0142aj\u0105cych na uczelni k\u00f3\u0142 naukowych,<\/span><\/p>\n<\/li>\n<li>\n<p align=\"justify\"><span style=\"font-size: medium; color: #000000;\">konsultacyjn\u0105, w kt\u00f3rej eksperci radzili, jak za\u0142o\u017cy\u0107 firm\u0119, jak przygotowa\u0107 si\u0119 do uczestnictwa w rekrutacji jako kandydat oraz jak samodzielnie i skutecznie rekrutowa\u0107 pracownik\u00f3w.<\/span><\/p>\n<\/li>\n<\/ul>\n<p class=\"western\" style=\"text-align: justify;\" align=\"justify\"><span style=\"font-size: medium; color: #000000;\">Na targach we Wroc\u0142awiu nie tylko prezentowano oferty pracy pracodawc\u00f3w, lecz tak\u017ce mo\u017cna by\u0142o wzi\u0105\u0107 udzia\u0142 w szybkich rekrutacjach. Oznacza to, \u017ce odwiedzaj\u0105cy targi mogli od razu z\u0142o\u017cy\u0107 swoje CV i odby\u0107 rozmow\u0119 rekrutacyjn\u0105. Do udzia\u0142u w szybkich rekrutacjach zg\u0142osi\u0142y si\u0119 takie firmy jak PKO BP, Credit Suisse, Travel Planet i IBM. <\/span><\/p>\n<h2 class=\"western\" style=\"text-align: justify;\" align=\"justify\"><span style=\"font-size: 24px; color: #000000;\"><strong>Uczestnicy targ\u00f3w<\/strong><\/span><\/h2>\n<p class=\"western\" style=\"text-align: justify;\" align=\"justify\"><span style=\"color: #000000;\"><span style=\"font-size: medium;\">Pracodawcy to podstawowi uczestnicy 15. Targ\u00f3w Pracy we Wroc\u0142awiu. Swoje <a href=\"https:\/\/www.gowork.pl\/praca\/wroclaw;l\">oferty pracy we Wroc\u0142awiu<\/a> na targach prezentowa\u0142y takie firmy i instytucje, jak: <\/span><span style=\"font-size: medium;\">Gigaset Communications Polska Sp. z o.o., Parker Hannifin ESSC Sp. z o.o., IMPULS-LEASING Polska Sp. z o.o., Centrum Szkole\u0144 i Promocji Zatrudnienia Anna P\u0142oska, Camp Leaders Poland, Santander Consumer Bank S.A, Travelplanet.pl, Credit Suisse, HICRON Sp. z o.o., Solutions 30 (Telima Poland sp. z o.o.), PGB Human Resources Sp. z o.o., GEFCO POLSKA Sp. z o.o.., IBM CIC Wroc\u0142aw &amp; Katowice, HEGELMANN TRANSPORTE Sp\u00f3\u0142ka z o.o., Impel Business Solutions Sp. z o.o., Olesi\u0144ski i Wsp\u00f3lnicy Sp. k., PKO Bank Polski S.A., Fresenius Medical Care SSC Sp. z o.o., IT Kontrakt oraz Real Logistic.<\/span><\/span><\/p>\n<p class=\"western\" style=\"text-align: justify;\" align=\"justify\"><span style=\"font-size: medium; color: #000000;\">W targach udzia\u0142 wzi\u0119li tak\u017ce po\u015brednicy pracy, kt\u00f3rzy przygotowali oferty na konkretne stanowiska. Wsp\u00f3\u0142pracuj\u0105 oni z przedsi\u0119biorcami i znajduj\u0105 dla nich najlepszych pracownik\u00f3w. <\/span><\/p>\n<p class=\"western\" style=\"text-align: justify;\" align=\"justify\"><span style=\"font-size: medium; color: #000000;\">Na targi zapraszani byli ludzie m\u0142odzi, kt\u00f3rzy w przysz\u0142o\u015bci zasil\u0105 rynek pracy \u2013 g\u0142\u00f3wnie studenci, ale nie tylko. Pojawili si\u0119 tak\u017ce poszukuj\u0105cy pracy bezrobotni. Wszyscy odwiedzaj\u0105cy mogli skorzysta\u0107 z rad udzielanych m.in. przez pracownik\u00f3w Centrum Informacji i Planowania Kariery Zawodowej, przedstawicieli <\/span><span style=\"font-size: medium;\"><span style=\"color: #000000;\">Akademickiego Inkubatora Przedsi\u0119biorczo\u015bci, Biura Karier i Fundacji Ukraina oraz doradc\u0119 EURES.<\/span> <\/span><\/p>\n<p align=\"justify\">A Ty bra\u0142e\u015b kiedy\u015b udzia\u0142 w Targach Pracy? Mo\u017ce uda\u0142o Ci si\u0119 nawet znale\u017a\u0107 zatrudnienie? Podziel si\u0119 z nami swoimi do\u015bwiadczeniami w komentarzu. Jeste\u015bmy ciekawi, co s\u0105dzisz o tego typu eventach, dlatego gor\u0105co zach\u0119camy do dyskusji pod artyku\u0142em.<\/p>\n<p align=\"justify\">\u0179r\u00f3d\u0142o zdj\u0119cia: https:\/\/pl.123rf.com\/photo_47465378_g%C5%82o%C5%9Bnik-daj%C4%85c-prezentacji-w-sali-wyk%C5%82adowej-na-uniwersytecie-uczestnicy-s%C5%82ucha%C4%87-wyk%C5%82ad%C3%B3w-i-robi%C4%85c.html<\/p>\n<!-- AddThis Advanced Settings generic via filter on the_content --><!-- AddThis Share Buttons generic via filter on the_content -->","protected":false},"excerpt":{"rendered":"<p>12 grudnia 2017 roku we wtorek w Wy\u017cszej Szkole Bankowej we Wroc\u0142awiu, odby\u0142a si\u0119 15. edycja Targ\u00f3w Pracy. Innowacj\u0105 tego wydarzenia, kt\u00f3re ma miejsce cyklicznie w tym mie\u015bcie, by\u0142y tym razem tzw. szybkie rekrutacje. Kogo poszukiwali pracodawcy i jakie szanse na przekonanie do siebie rekruter\u00f3w mieli potencjalni pracownicy?<!-- AddThis Advanced Settings generic via filter on get_the_excerpt --><!-- AddThis Share Buttons generic via filter on get_the_excerpt --><\/p>\n","protected":false},"author":1,"featured_media":47979,"comment_status":"open","ping_status":"closed","sticky":false,"template":"","format":"standard","meta":[],"categories":[9],"tags":[2062],"aioseo_notices":[],"_links":{"self":[{"href":"https:\/\/www.gowork.pl\/blog\/wp-json\/wp\/v2\/posts\/10980"}],"collection":[{"href":"https:\/\/www.gowork.pl\/blog\/wp-json\/wp\/v2\/posts"}],"about":[{"href":"https:\/\/www.gowork.pl\/blog\/wp-json\/wp\/v2\/types\/post"}],"author":[{"embeddable":true,"href":"https:\/\/www.gowork.pl\/blog\/wp-json\/wp\/v2\/users\/1"}],"replies":[{"embeddable":true,"href":"https:\/\/www.gowork.pl\/blog\/wp-json\/wp\/v2\/comments?post=10980"}],"version-history":[{"count":6,"href":"https:\/\/www.gowork.pl\/blog\/wp-json\/wp\/v2\/posts\/10980\/revisions"}],"predecessor-version":[{"id":47982,"href":"https:\/\/www.gowork.pl\/blog\/wp-json\/wp\/v2\/posts\/10980\/revisions\/47982"}],"wp:featuredmedia":[{"embeddable":true,"href":"https:\/\/www.gowork.pl\/blog\/wp-json\/wp\/v2\/media\/47979"}],"wp:attachment":[{"href":"https:\/\/www.gowork.pl\/blog\/wp-json\/wp\/v2\/media?parent=10980"}],"wp:term":[{"taxonomy":"category","embeddable":true,"href":"https:\/\/www.gowork.pl\/blog\/wp-json\/wp\/v2\/categories?post=10980"},{"taxonomy":"post_tag","embeddable":true,"href":"https:\/\/www.gowork.pl\/blog\/wp-json\/wp\/v2\/tags?post=10980"}],"curies":[{"name":"wp","href":"https:\/\/api.w.org\/{rel}","templated":true}]}}