{"id":10850,"date":"2017-12-20T17:28:31","date_gmt":"2017-12-20T16:28:31","guid":{"rendered":"https:\/\/www.gowork.pl\/blog\/?p=10850"},"modified":"2024-04-30T12:39:25","modified_gmt":"2024-04-30T10:39:25","slug":"reforma-edukacji-nie-wymiotla-nauczycieli-pedagogow-przybywa","status":"publish","type":"post","link":"https:\/\/www.gowork.pl\/blog\/reforma-edukacji-nie-wymiotla-nauczycieli-pedagogow-przybywa\/","title":{"rendered":"Reforma edukacji nie wymiot\u0142a nauczycieli. Pedagog\u00f3w przybywa"},"content":{"rendered":"<p style=\"text-align: justify;\"><span style=\"color: #000000;\"><strong>Reforma edukacji mia\u0142a doprowadzi\u0107 do masowych zwolnie\u0144 nauczycieli. P\u00f3ki co nic takiego nie ma miejsca. Co wi\u0119cej, okazuje si\u0119, \u017ce w por\u00f3wnaniu do ubieg\u0142ego roku szkolnego, etat\u00f3w dla pedagog\u00f3w przyby\u0142o. Nie oznacza to jednak, \u017ce korzystna koniunktura b\u0119dzie trwa\u0107 wiecznie.<\/strong><\/span><\/p>\n<p><span style=\"color: #000000;\"><!--more--><\/span><\/p>\n<h2 style=\"text-align: justify;\"><span style=\"color: #000000;\">Zwolnie\u0144 brak<\/span><\/h2>\n<p style=\"text-align: justify;\"><span style=\"color: #000000;\">Likwidacja gimnazj\u00f3w, przywr\u00f3cenie 8-letniego cyklu kszta\u0142cenia w szko\u0142ach podstawowych, 4-letnich lice\u00f3w oraz 5-letnich technik\u00f3w &#8211; to tylko cz\u0119\u015b\u0107 zmian wprowadzanych w ramach reformy edukacji. Wielokrotnie mo\u017cna by\u0142o us\u0142ysze\u0107 g\u0142osy, \u017ce doprowadzi ona do masowych zwolnie\u0144 w\u015br\u00f3d <a href=\"https:\/\/www.gowork.pl\/praca\/nauczyciel;st\">nauczycieli<\/a>. <\/span><\/p>\n<p style=\"text-align: justify;\"><span style=\"color: #000000;\">Jak si\u0119 jednak okazuje, nic takiego &#8211; p\u00f3ki co &#8211; nie ma miejsca. Dziennik Gazeta Prawna zwr\u00f3ci\u0142 si\u0119 do Ministerstwa Edukacji Narodowej z pro\u015bb\u0105 o zbadanie danych z Systemu Informacji O\u015bwiatowej. Czym jest wspomniany system? To baza danych zawieraj\u0105ca informacje pochodz\u0105ce ze wszystkich szk\u00f3\u0142 oraz plac\u00f3wek <a href=\"http:\/\/www.oswiata.gowork.pl\/\">o\u015bwiatowych<\/a> w Polsce. Dotycz\u0105 one m.in. liczebno\u015bci uczni\u00f3w oraz nauczycieli.\u00a0<\/span><span style=\"color: #000000;\">Jak podaje DGP w bie\u017c\u0105cym roku szkolnym ilo\u015b\u0107 etat\u00f3w dla pedagog\u00f3w nie tylko nie zanotowa\u0142a prognozowanego przez wielu gigantycznego spadku, lecz wzros\u0142a.<\/span><\/p>\n<h2><span style=\"color: #000000;\">Problem pojawi si\u0119 za 2 lata?<\/span><\/h2>\n<p style=\"text-align: justify;\"><span style=\"color: #000000;\">W por\u00f3wnaniu do ubieg\u0142ego roku, liczba nauczycieli zwi\u0119kszy\u0142a si\u0119 o ponad 17 tys. Jak t\u0142umaczy rzecznik prasowy MEN Anna Ostrowska:<em>\u00a0nauczyciel pe\u0142nozatrudniony to ten, kt\u00f3ry ma ca\u0142y etat w jednej szkole, a nie w kilku. Ich liczba wzros\u0142a o 17 183, a w przeliczeniu na osoby o 17 476.\u00a0<\/em><\/span><span style=\"color: #000000;\">To jednak nie jedyna zmiana. Na jednego belfra przypada r\u00f3wnie\u017c wi\u0119kszy wymiar godzin ni\u017c przed reform\u0105. <\/span><\/p>\n<p style=\"text-align: justify;\"><span style=\"color: #000000;\">DGP przytacza wypowied\u017a S\u0142awomira Wittkowicza, szefa Bran\u017cy Nauki, O\u015bwiaty i Kultury Forum Zwi\u0105zk\u00f3w Zawodowych:\u00a0<em>nauczycielom przyznawane s\u0105 dodatkowe godziny w \u015bwietlicy, a tak\u017ce inne zaj\u0119cia z zakresu pomocy psychologiczno-pedagogicznej. Trzeba za nie dodatkowo p\u0142aci\u0107 i ujmowa\u0107 w wymiarze etat\u00f3w.\u00a0<\/em>Jego zdaniem problem mo\u017ce pojawi\u0107 si\u0119 wraz z ca\u0142kowitym wygaszeniem gimnazj\u00f3w, czyli ju\u017c za 2 lata. <\/span><\/p>\n<p style=\"text-align: justify;\"><span style=\"color: #000000;\">Nie brakuje r\u00f3wnie\u017c g\u0142os\u00f3w, \u017ce MEN nie podaje prawid\u0142owych danych, doliczaj\u0105c do wspomnianego ju\u017c wzrostu r\u00f3wnie\u017c pedagog\u00f3w przebywaj\u0105cych na urlopach np. macierzy\u0144skich, wychowawczych i rodzicielskich. Resort edukacji przyznaje, \u017ce faktycznie ma to miejsce. Wynika to jednak z metodologii, kt\u00f3r\u0105 gromadzone s\u0105 dane do SIO. W stosunku do poprzedniego roku, liczba pedagog\u00f3w na urlopach wzros\u0142a o ponad 1,1 tys.<\/span><\/p>\n<h2 style=\"text-align: justify;\"><span style=\"color: #000000;\">Czy przeciwnicy reformy maj\u0105 racj\u0119?<\/span><\/h2>\n<p style=\"text-align: justify;\"><span style=\"color: #000000;\">Na pro\u015bb\u0119 DPG, resort poda\u0142 informacje dotycz\u0105c\u0105 wzrostu etat\u00f3w nie uwzgl\u0119dniaj\u0105c nauczycieli przebywaj\u0105cych na urlopach oraz zwolnieniach. Po takich obliczeniach okaza\u0142o si\u0119, \u017ce w o\u015bwiacie pojawi\u0142o si\u0119 niemal 16 tys. etat\u00f3w wi\u0119cej ni\u017c przed rokiem. Statystyki MEN nie przekonuj\u0105 jednak przeciwnik\u00f3w reformy. Wed\u0142ug nich ma\u0142a ilo\u015b\u0107 zwolnie\u0144 jest efektem skorzystania przez wielu pedagog\u00f3w ze stanu nieczynnego. Przez p\u00f3\u0142 roku pobieraj\u0105 oni wynagrodzenie oraz pozostaj\u0105 do dyspozycji <a href=\"https:\/\/www.gowork.pl\/praca\/dyrektor;st\">dyrektora<\/a>, czekaj\u0105c a\u017c pojawi si\u0119 wolny etat. <\/span><\/p>\n<p style=\"text-align: justify;\"><span style=\"color: #000000;\">Dziennik dodaje, \u017ce bardzo cz\u0119sto pojawia si\u0119 r\u00f3wnie\u017c zarzut, jakoby du\u017co wi\u0119cej pedagog\u00f3w ni\u017c przed rokiem przesz\u0142o na wcze\u015bniejsz\u0105 emerytur\u0119 lub skorzysta\u0142o z prawa do pobierania \u015bwiadczenia kompensacyjnego. Okazuje si\u0119, \u017ce r\u00f3\u017cnica nie jest jednak du\u017ca. W ubieg\u0142ym roku szkolnym z takiej mo\u017cliwo\u015bci skorzysta\u0142o 7301 nauczycieli, w tym z kolei by\u0142o to 9193 os\u00f3b. Prawdziwy jest natomiast argument, \u017ce wzros\u0142a liczba pedagog\u00f3w, kt\u00f3rzy musz\u0105 uzupe\u0142nia\u0107 etaty. W bie\u017c\u0105cym roku szkolnym jest to 7173 pedagog\u00f3w, w minionym natomiast ta liczba wynosi\u0142a 4573 osoby.<\/span><\/p>\n<p>Nie ulega jednak w\u0105tpliwo\u015bci, \u017ce etat\u00f3w jest sporo, a ch\u0119tnych do pracy w edukacji coraz mniej. Praktycznie w ca\u0142ym kraju odnotowuje si\u0119 deficyt zwi\u0105zany z nauczycielami na r\u00f3\u017cnym poziomie &#8211; zar\u00f3wno w przedszkolach, jak i w liceach i kszta\u0142ceniu zawodowym. To oznacza, \u017ce trzeba b\u0119dzie k\u0142a\u015b\u0107 nacisk na zach\u0119cenie do podj\u0119cia pracy w zawodzie nauczyciela, aby unikn\u0105\u0107 du\u017cych brak\u00f3w kadrowych.<\/p>\n<p><em>\u0179r\u00f3d\u0142o zdj\u0119cia: https:\/\/pl.123rf.com\/photo_57376716_edukacja-szko%C5%82a-podstawowa-nauka-i-koncepcja-ludzi-grupa-dzieci-w-wieku-szkolnym-z-nauczycielem.html?vti=moo2u2nx77bhzjlccv-1-1<\/em><\/p>\n<!-- AddThis Advanced Settings generic via filter on the_content --><!-- AddThis Share Buttons generic via filter on the_content -->","protected":false},"excerpt":{"rendered":"<p>Reforma edukacji mia\u0142a doprowadzi\u0107 do masowych zwolnie\u0144 nauczycieli. P\u00f3ki co nic takiego nie ma miejsca. Co wi\u0119cej, okazuje si\u0119, \u017ce w por\u00f3wnaniu do ubieg\u0142ego roku szkolnego, etat\u00f3w dla pedagog\u00f3w przyby\u0142o. Nie oznacza to jednak, \u017ce korzystna koniunktura b\u0119dzie trwa\u0107 wiecznie.<!-- AddThis Advanced Settings generic via filter on get_the_excerpt --><!-- AddThis Share Buttons generic via filter on get_the_excerpt --><\/p>\n","protected":false},"author":1,"featured_media":48197,"comment_status":"open","ping_status":"closed","sticky":false,"template":"","format":"standard","meta":[],"categories":[4],"tags":[],"aioseo_notices":[],"_links":{"self":[{"href":"https:\/\/www.gowork.pl\/blog\/wp-json\/wp\/v2\/posts\/10850"}],"collection":[{"href":"https:\/\/www.gowork.pl\/blog\/wp-json\/wp\/v2\/posts"}],"about":[{"href":"https:\/\/www.gowork.pl\/blog\/wp-json\/wp\/v2\/types\/post"}],"author":[{"embeddable":true,"href":"https:\/\/www.gowork.pl\/blog\/wp-json\/wp\/v2\/users\/1"}],"replies":[{"embeddable":true,"href":"https:\/\/www.gowork.pl\/blog\/wp-json\/wp\/v2\/comments?post=10850"}],"version-history":[{"count":35,"href":"https:\/\/www.gowork.pl\/blog\/wp-json\/wp\/v2\/posts\/10850\/revisions"}],"predecessor-version":[{"id":48198,"href":"https:\/\/www.gowork.pl\/blog\/wp-json\/wp\/v2\/posts\/10850\/revisions\/48198"}],"wp:featuredmedia":[{"embeddable":true,"href":"https:\/\/www.gowork.pl\/blog\/wp-json\/wp\/v2\/media\/48197"}],"wp:attachment":[{"href":"https:\/\/www.gowork.pl\/blog\/wp-json\/wp\/v2\/media?parent=10850"}],"wp:term":[{"taxonomy":"category","embeddable":true,"href":"https:\/\/www.gowork.pl\/blog\/wp-json\/wp\/v2\/categories?post=10850"},{"taxonomy":"post_tag","embeddable":true,"href":"https:\/\/www.gowork.pl\/blog\/wp-json\/wp\/v2\/tags?post=10850"}],"curies":[{"name":"wp","href":"https:\/\/api.w.org\/{rel}","templated":true}]}}